{"id":11460,"date":"2020-12-19T20:27:42","date_gmt":"2020-12-19T20:27:42","guid":{"rendered":"https:\/\/oparanews.com.br\/?p=11460"},"modified":"2020-12-19T20:27:42","modified_gmt":"2020-12-19T20:27:42","slug":"prefeitura-de-penedo-recebe-premio-por-avancos-no-ideb","status":"publish","type":"post","link":"https:\/\/www.oparanews.com.br\/index.php\/2020\/12\/19\/prefeitura-de-penedo-recebe-premio-por-avancos-no-ideb\/","title":{"rendered":"Prefeitura de Penedo recebe pr\u00eamio por avan\u00e7os no Ideb"},"content":{"rendered":"<p>Os investimentos realizados durante a gest\u00e3o de Marcius Beltr\u00e3o e Ronaldo Lopes geraram avan\u00e7os incontest\u00e1veis para a popula\u00e7\u00e3o de Penedo. Entre os maiores beneficiados est\u00e3o crian\u00e7as e adolescentes que estudam na rede p\u00fablica municipal.<\/p>\n<p>Avaliados a cada dois anos pelo governo federal, estudantes de escolas da Secretaria Municipal de Educa\u00e7\u00e3o (Semed) obtiveram desempenho acima da meta estipulada para o munic\u00edpio no Ideb.<\/p>\n<p><strong>Ideb<\/strong><\/p>\n<p>O \u00cdndice de Desenvolvimento da Educa\u00e7\u00e3o B\u00e1sica \u00e9 o principal indicador da qualidade da educa\u00e7\u00e3o b\u00e1sica no Brasil e sua f\u00f3rmula de c\u00e1lculo analisa o aprendizado em portugu\u00eas e matem\u00e1tica e ainda a taxa de aprova\u00e7\u00e3o nas escolas p\u00fablicas.<\/p>\n<p>De acordo com dados oficiais, as crian\u00e7as dos anos iniciais do Ensino Fundamental na Semed Penedo precisavam alcan\u00e7ar 5,0 no Ideb e conseguiram 5,5. J\u00e1 as turmas dos anos finais tiveram desempenho espetacular, ficando com 5,0 quando a meta era 3,8.<\/p>\n<p>Em termos de taxa de aprova\u00e7\u00e3o, ou fluxo, o percentual \u00e9 praticamente de 100% entre estudantes das escolas mantidas pela Prefeitura de Penedo. Entre a crian\u00e7ada dos anos iniciais do Ensino Fundamental, o percentual alcan\u00e7a 0,99%. Entre estudantes dos anos finais, o \u00edndice \u00e9 de 0,98%. As duas categorias est\u00e3o acima da m\u00e9dia nacional.<\/p>\n<p><strong>Undime<\/strong><\/p>\n<p>Por isso, a Uni\u00e3o dos Dirigentes Municipais de Educa\u00e7\u00e3o (Undime) de Alagoas reconheceu o trabalho da Semed Penedo e premiou o munic\u00edpio, um dos dez melhores de Alagoas na avalia\u00e7\u00e3o do Ideb 2019, o mais recente do pa\u00eds.<\/p>\n<p>\u201cEu estou muito feliz de ser agraciada com essa conquista, mas o pr\u00eamio maior \u00e9 saber que, junto com toda equipe da Semed, demos o nosso melhor para que nossas crian\u00e7as e adolescentes possam ter uma educa\u00e7\u00e3o de qualidade\u201d, disse a Secret\u00e1ria C\u00edntya Alves, agradecendo o apoio do governo Marcius Beltr\u00e3o\/Ronaldo Lopes.<\/p>\n<p>&nbsp;<\/p>\n<p><strong>por Fernando Vin\u00edcius \u2013 Decom PMP<\/strong><\/p>\n<p>&nbsp;<\/p>\n","protected":false},"excerpt":{"rendered":"<p>Os investimentos realizados durante a gest\u00e3o de Marcius Beltr\u00e3o e Ronaldo Lopes geraram avan\u00e7os incontest\u00e1veis para a popula\u00e7\u00e3o de Penedo. Entre os maiores beneficiados est\u00e3o crian\u00e7as e adolescentes que estudam na rede p\u00fablica municipal. Avaliados a cada dois anos pelo governo federal, estudantes de escolas da Secretaria Municipal de Educa\u00e7\u00e3o (Semed) obtiveram desempenho acima da &hellip;<\/p>\n","protected":false},"author":1,"featured_media":11461,"comment_status":"open","ping_status":"open","sticky":false,"template":"","format":"standard","meta":{"_jetpack_newsletter_access":"","_jetpack_dont_email_post_to_subs":false,"_jetpack_newsletter_tier_id":0,"_jetpack_memberships_contains_paywalled_content":false,"_jetpack_memberships_contains_paid_content":false,"footnotes":""},"categories":[1],"tags":[],"class_list":["post-11460","post","type-post","status-publish","format-standard","has-post-thumbnail","hentry","category-destaque"],"jetpack_sharing_enabled":true,"jetpack_featured_media_url":"","_links":{"self":[{"href":"https:\/\/www.oparanews.com.br\/index.php\/wp-json\/wp\/v2\/posts\/11460","targetHints":{"allow":["GET"]}}],"collection":[{"href":"https:\/\/www.oparanews.com.br\/index.php\/wp-json\/wp\/v2\/posts"}],"about":[{"href":"https:\/\/www.oparanews.com.br\/index.php\/wp-json\/wp\/v2\/types\/post"}],"author":[{"embeddable":true,"href":"https:\/\/www.oparanews.com.br\/index.php\/wp-json\/wp\/v2\/users\/1"}],"replies":[{"embeddable":true,"href":"https:\/\/www.oparanews.com.br\/index.php\/wp-json\/wp\/v2\/comments?post=11460"}],"version-history":[{"count":0,"href":"https:\/\/www.oparanews.com.br\/index.php\/wp-json\/wp\/v2\/posts\/11460\/revisions"}],"wp:attachment":[{"href":"https:\/\/www.oparanews.com.br\/index.php\/wp-json\/wp\/v2\/media?parent=11460"}],"wp:term":[{"taxonomy":"category","embeddable":true,"href":"https:\/\/www.oparanews.com.br\/index.php\/wp-json\/wp\/v2\/categories?post=11460"},{"taxonomy":"post_tag","embeddable":true,"href":"https:\/\/www.oparanews.com.br\/index.php\/wp-json\/wp\/v2\/tags?post=11460"}],"curies":[{"name":"wp","href":"https:\/\/api.w.org\/{rel}","templated":true}]}}