{"id":11463,"date":"2020-12-19T20:29:05","date_gmt":"2020-12-19T20:29:05","guid":{"rendered":"https:\/\/oparanews.com.br\/?p=11463"},"modified":"2020-12-19T20:29:05","modified_gmt":"2020-12-19T20:29:05","slug":"chegada-de-papai-noel-abre-penedo-luz-2020","status":"publish","type":"post","link":"https:\/\/www.oparanews.com.br\/index.php\/2020\/12\/19\/chegada-de-papai-noel-abre-penedo-luz-2020\/","title":{"rendered":"Chegada de Papai Noel abre Penedo Luz 2020"},"content":{"rendered":"<p>O Penedo Luz 2020, s\u00e9rie de eventos que j\u00e1 faz parte do calend\u00e1rio cultural da cidade, foi aberto oficialmente nesta quinta-feira (17).<\/p>\n<p>A abertura aconteceu na Pra\u00e7a 12 de abril, com a chegada de Papai Noel e a tradicional distribui\u00e7\u00e3o de brinquedos para as crian\u00e7as penedenses que tamb\u00e9m puderam visitar o \u201cbom velhinho\u201d para tirar fotos.<\/p>\n<p>Al\u00e9m disso foram distribu\u00eddas guloseimas diversas e realizadas brincadeiras, como pula-pula, cama el\u00e1stica, entre outras, tudo totalmente gratuito e especialmente montado para o p\u00fablico infantil.<\/p>\n<p>Programa\u00e7\u00e3o<\/p>\n<p>A programa\u00e7\u00e3o continua nessa sexta-feira (18), com o Encontro de Musicas Natalinas que ser\u00e1 realizado no Largo da Igreja de S\u00e3o Gon\u00e7alo.<\/p>\n<p>O evento inclui apresenta\u00e7\u00e3o de coros e quinteto de cordas, seguindo com apresenta\u00e7\u00f5es musicais durante o fim de semana na Pra\u00e7a 12 de Abril.<\/p>\n<p>O Penedo Luz 2020 ter\u00e1 atra\u00e7\u00f5es di\u00e1rias at\u00e9 o final do m\u00eas, entre eles est\u00e3o Claudio Sax, Junior Maia e Nubia, Kaw\u00ea Sax, Francis Batista, David Alisson, Doctrin da Rainha; Luciano Teclado e Francis Batista.<\/p>\n<p>As atra\u00e7\u00f5es prosseguem at\u00e9 o pr\u00f3ximo dia 31, na Pra\u00e7a 12 de Abril, quando ocorrer\u00e1 a virada do ano, com show pirot\u00e9cnico e queima de fogos de artificio.<\/p>\n<p>&nbsp;<\/p>\n<p><strong>por Thiago Sobral \u2013 Decom PMP<\/strong><\/p>\n<p>&nbsp;<\/p>\n","protected":false},"excerpt":{"rendered":"<p>O Penedo Luz 2020, s\u00e9rie de eventos que j\u00e1 faz parte do calend\u00e1rio cultural da cidade, foi aberto oficialmente nesta quinta-feira (17). A abertura aconteceu na Pra\u00e7a 12 de abril, com a chegada de Papai Noel e a tradicional distribui\u00e7\u00e3o de brinquedos para as crian\u00e7as penedenses que tamb\u00e9m puderam visitar o \u201cbom velhinho\u201d para tirar &hellip;<\/p>\n","protected":false},"author":1,"featured_media":11464,"comment_status":"open","ping_status":"open","sticky":false,"template":"","format":"standard","meta":{"_jetpack_newsletter_access":"","_jetpack_dont_email_post_to_subs":false,"_jetpack_newsletter_tier_id":0,"_jetpack_memberships_contains_paywalled_content":false,"_jetpack_memberships_contains_paid_content":false,"footnotes":""},"categories":[1],"tags":[],"class_list":["post-11463","post","type-post","status-publish","format-standard","has-post-thumbnail","hentry","category-destaque"],"jetpack_sharing_enabled":true,"jetpack_featured_media_url":"","_links":{"self":[{"href":"https:\/\/www.oparanews.com.br\/index.php\/wp-json\/wp\/v2\/posts\/11463","targetHints":{"allow":["GET"]}}],"collection":[{"href":"https:\/\/www.oparanews.com.br\/index.php\/wp-json\/wp\/v2\/posts"}],"about":[{"href":"https:\/\/www.oparanews.com.br\/index.php\/wp-json\/wp\/v2\/types\/post"}],"author":[{"embeddable":true,"href":"https:\/\/www.oparanews.com.br\/index.php\/wp-json\/wp\/v2\/users\/1"}],"replies":[{"embeddable":true,"href":"https:\/\/www.oparanews.com.br\/index.php\/wp-json\/wp\/v2\/comments?post=11463"}],"version-history":[{"count":0,"href":"https:\/\/www.oparanews.com.br\/index.php\/wp-json\/wp\/v2\/posts\/11463\/revisions"}],"wp:attachment":[{"href":"https:\/\/www.oparanews.com.br\/index.php\/wp-json\/wp\/v2\/media?parent=11463"}],"wp:term":[{"taxonomy":"category","embeddable":true,"href":"https:\/\/www.oparanews.com.br\/index.php\/wp-json\/wp\/v2\/categories?post=11463"},{"taxonomy":"post_tag","embeddable":true,"href":"https:\/\/www.oparanews.com.br\/index.php\/wp-json\/wp\/v2\/tags?post=11463"}],"curies":[{"name":"wp","href":"https:\/\/api.w.org\/{rel}","templated":true}]}}