{"id":11468,"date":"2020-12-19T21:19:45","date_gmt":"2020-12-19T21:19:45","guid":{"rendered":"https:\/\/oparanews.com.br\/?p=11468"},"modified":"2020-12-19T21:19:45","modified_gmt":"2020-12-19T21:19:45","slug":"entrevistas-inauguracao-da-escola-wilton-lucena-em-penedo","status":"publish","type":"post","link":"https:\/\/www.oparanews.com.br\/index.php\/2020\/12\/19\/entrevistas-inauguracao-da-escola-wilton-lucena-em-penedo\/","title":{"rendered":"ENTREVISTAS: inaugura\u00e7\u00e3o da Escola Wilton Lucena em Penedo"},"content":{"rendered":"<p>A reportagem no portal de not\u00edcias OparaNews esteve presente na inaugura\u00e7\u00e3o da Escola Municipal de Educa\u00e7\u00e3o B\u00e1sica Professor Wilton Lisboa Lucena nesta sexta-feira, 18, no bairro Raimundo Marinho.<\/p>\n<p>O rep\u00f3rter Valdi Fernando entrevistou o prefeito de Penedo, Marcius Beltr\u00e3o, o deputado estadual, Marcelo Beltr\u00e3o, o secret\u00e1rio estadual de Educa\u00e7\u00e3o, Fabio Guedes, o prefeito eleito de Penedo, Ronaldo Lopes e o vice-prefeito eleito de Penedo, Jo\u00e3o Lucas.<\/p>\n<p>Ou\u00e7a abaixo os \u00e1udios das entrevistas:<\/p>\n<p><strong><a href=\"https:\/\/oparanews.com.br\/entrevistas-inauguracao-da-escola-wilton-lucena-em-penedo\/img-20201218-wa0069\/\" rel=\"attachment wp-att-11488\"><img loading=\"lazy\" decoding=\"async\" class=\"alignleft size-thumbnail wp-image-11488\" src=\"https:\/\/oparanews.com.br\/wp-content\/uploads\/2020\/12\/IMG-20201218-WA0069-150x150.jpg\" alt=\"\" width=\"150\" height=\"150\" \/><\/a>Marcelo Beltr\u00e3o &#8211; deputado estadual<br \/>\n<\/strong><\/p>\n<audio class=\"wp-audio-shortcode\" id=\"audio-11468-1\" preload=\"none\" style=\"width: 100%;\" controls=\"controls\"><source type=\"audio\/mpeg\" src=\"https:\/\/oparanews.com.br\/wp-content\/uploads\/2020\/12\/AUDIO-MARCIUS-19.mp3?_=1\" \/><a href=\"https:\/\/oparanews.com.br\/wp-content\/uploads\/2020\/12\/AUDIO-MARCIUS-19.mp3\">https:\/\/oparanews.com.br\/wp-content\/uploads\/2020\/12\/AUDIO-MARCIUS-19.mp3<\/a><\/audio>\n<p><strong><a href=\"https:\/\/oparanews.com.br\/entrevistas-inauguracao-da-escola-wilton-lucena-em-penedo\/img-20201218-wa0109\/\" rel=\"attachment wp-att-11476\"><img loading=\"lazy\" decoding=\"async\" class=\"alignleft size-thumbnail wp-image-11476\" src=\"https:\/\/oparanews.com.br\/wp-content\/uploads\/2020\/12\/IMG-20201218-WA0109-150x150.jpg\" alt=\"\" width=\"150\" height=\"150\" \/><\/a>Marcius Beltr\u00e3o &#8211; prefeito de Penedo<\/strong><\/p>\n<audio class=\"wp-audio-shortcode\" id=\"audio-11468-2\" preload=\"none\" style=\"width: 100%;\" controls=\"controls\"><source type=\"audio\/mpeg\" src=\"https:\/\/oparanews.com.br\/wp-content\/uploads\/2020\/12\/AUDIO-MARCACRACRCARCARCARCA-19.12.mp3?_=2\" \/><a href=\"https:\/\/oparanews.com.br\/wp-content\/uploads\/2020\/12\/AUDIO-MARCACRACRCARCARCARCA-19.12.mp3\">https:\/\/oparanews.com.br\/wp-content\/uploads\/2020\/12\/AUDIO-MARCACRACRCARCARCARCA-19.12.mp3<\/a><\/audio>\n<p>&nbsp;<\/p>\n<p><strong><a href=\"https:\/\/oparanews.com.br\/entrevistas-inauguracao-da-escola-wilton-lucena-em-penedo\/img-20201218-wa0070\/\" rel=\"attachment wp-att-11477\"><img loading=\"lazy\" decoding=\"async\" class=\"alignleft size-thumbnail wp-image-11477\" src=\"https:\/\/oparanews.com.br\/wp-content\/uploads\/2020\/12\/IMG-20201218-WA0070-150x150.jpg\" alt=\"\" width=\"150\" height=\"150\" \/><\/a>F\u00e1bio Guedes &#8211; secret\u00e1rio estadual da Educa\u00e7\u00e3o<\/strong><\/p>\n<audio class=\"wp-audio-shortcode\" id=\"audio-11468-3\" preload=\"none\" style=\"width: 100%;\" controls=\"controls\"><source type=\"audio\/mpeg\" src=\"https:\/\/oparanews.com.br\/wp-content\/uploads\/2020\/12\/AUDIO-FABIO-GUEDES-19.mp3?_=3\" \/><a href=\"https:\/\/oparanews.com.br\/wp-content\/uploads\/2020\/12\/AUDIO-FABIO-GUEDES-19.mp3\">https:\/\/oparanews.com.br\/wp-content\/uploads\/2020\/12\/AUDIO-FABIO-GUEDES-19.mp3<\/a><\/audio>\n<p><strong><a href=\"https:\/\/oparanews.com.br\/entrevistas-inauguracao-da-escola-wilton-lucena-em-penedo\/img-20201218-wa0112\/\" rel=\"attachment wp-att-11474\"><img loading=\"lazy\" decoding=\"async\" class=\"alignleft size-thumbnail wp-image-11474\" src=\"https:\/\/oparanews.com.br\/wp-content\/uploads\/2020\/12\/IMG-20201218-WA0112-150x150.jpg\" alt=\"\" width=\"150\" height=\"150\" \/><\/a>Ronaldo Lopes &#8211; vice-prefeito e prefeito eleito de Penedo<\/strong><\/p>\n<audio class=\"wp-audio-shortcode\" id=\"audio-11468-4\" preload=\"none\" style=\"width: 100%;\" controls=\"controls\"><source type=\"audio\/mpeg\" src=\"https:\/\/oparanews.com.br\/wp-content\/uploads\/2020\/12\/AUDIO-RONALDO-LOPES-19.12.20.mp3?_=4\" \/><a href=\"https:\/\/oparanews.com.br\/wp-content\/uploads\/2020\/12\/AUDIO-RONALDO-LOPES-19.12.20.mp3\">https:\/\/oparanews.com.br\/wp-content\/uploads\/2020\/12\/AUDIO-RONALDO-LOPES-19.12.20.mp3<\/a><\/audio>\n<p><strong><a href=\"https:\/\/oparanews.com.br\/entrevistas-inauguracao-da-escola-wilton-lucena-em-penedo\/img-20201218-wa0073\/\" rel=\"attachment wp-att-11475\"><img loading=\"lazy\" decoding=\"async\" class=\"alignleft size-thumbnail wp-image-11475\" src=\"https:\/\/oparanews.com.br\/wp-content\/uploads\/2020\/12\/IMG-20201218-WA0073-150x150.jpg\" alt=\"\" width=\"150\" height=\"150\" \/><\/a>Jo\u00e3o Lucas &#8211; vice-prefeito eleito de Penedo<\/strong><\/p>\n<audio class=\"wp-audio-shortcode\" id=\"audio-11468-5\" preload=\"none\" style=\"width: 100%;\" controls=\"controls\"><source type=\"audio\/mpeg\" src=\"https:\/\/oparanews.com.br\/wp-content\/uploads\/2020\/12\/AUDIO-JOAO-LUCAS-19.12.mp3?_=5\" \/><a href=\"https:\/\/oparanews.com.br\/wp-content\/uploads\/2020\/12\/AUDIO-JOAO-LUCAS-19.12.mp3\">https:\/\/oparanews.com.br\/wp-content\/uploads\/2020\/12\/AUDIO-JOAO-LUCAS-19.12.mp3<\/a><\/audio>\n<p><strong>por Reda\u00e7\u00e3o<\/strong><\/p>\n<p>&nbsp;<\/p>\n<p>&nbsp;<\/p>\n<p>&nbsp;<\/p>\n<p>&nbsp;<\/p>\n","protected":false},"excerpt":{"rendered":"<p>A reportagem no portal de not\u00edcias OparaNews esteve presente na inaugura\u00e7\u00e3o da Escola Municipal de Educa\u00e7\u00e3o B\u00e1sica Professor Wilton Lisboa Lucena nesta sexta-feira, 18, no bairro Raimundo Marinho. O rep\u00f3rter Valdi Fernando entrevistou o prefeito de Penedo, Marcius Beltr\u00e3o, o deputado estadual, Marcelo Beltr\u00e3o, o secret\u00e1rio estadual de Educa\u00e7\u00e3o, Fabio Guedes, o prefeito eleito de &hellip;<\/p>\n","protected":false},"author":1,"featured_media":11474,"comment_status":"open","ping_status":"open","sticky":false,"template":"","format":"standard","meta":{"_jetpack_newsletter_access":"","_jetpack_dont_email_post_to_subs":false,"_jetpack_newsletter_tier_id":0,"_jetpack_memberships_contains_paywalled_content":false,"_jetpack_memberships_contains_paid_content":false,"footnotes":""},"categories":[1],"tags":[],"class_list":["post-11468","post","type-post","status-publish","format-standard","has-post-thumbnail","hentry","category-destaque"],"jetpack_sharing_enabled":true,"jetpack_featured_media_url":"","_links":{"self":[{"href":"https:\/\/www.oparanews.com.br\/index.php\/wp-json\/wp\/v2\/posts\/11468","targetHints":{"allow":["GET"]}}],"collection":[{"href":"https:\/\/www.oparanews.com.br\/index.php\/wp-json\/wp\/v2\/posts"}],"about":[{"href":"https:\/\/www.oparanews.com.br\/index.php\/wp-json\/wp\/v2\/types\/post"}],"author":[{"embeddable":true,"href":"https:\/\/www.oparanews.com.br\/index.php\/wp-json\/wp\/v2\/users\/1"}],"replies":[{"embeddable":true,"href":"https:\/\/www.oparanews.com.br\/index.php\/wp-json\/wp\/v2\/comments?post=11468"}],"version-history":[{"count":0,"href":"https:\/\/www.oparanews.com.br\/index.php\/wp-json\/wp\/v2\/posts\/11468\/revisions"}],"wp:attachment":[{"href":"https:\/\/www.oparanews.com.br\/index.php\/wp-json\/wp\/v2\/media?parent=11468"}],"wp:term":[{"taxonomy":"category","embeddable":true,"href":"https:\/\/www.oparanews.com.br\/index.php\/wp-json\/wp\/v2\/categories?post=11468"},{"taxonomy":"post_tag","embeddable":true,"href":"https:\/\/www.oparanews.com.br\/index.php\/wp-json\/wp\/v2\/tags?post=11468"}],"curies":[{"name":"wp","href":"https:\/\/api.w.org\/{rel}","templated":true}]}}