{"id":11480,"date":"2020-12-19T21:23:52","date_gmt":"2020-12-19T21:23:52","guid":{"rendered":"https:\/\/oparanews.com.br\/?p=11480"},"modified":"2020-12-19T21:23:52","modified_gmt":"2020-12-19T21:23:52","slug":"prefeitura-de-penedo-inicia-entrega-de-novas-escolas","status":"publish","type":"post","link":"https:\/\/www.oparanews.com.br\/index.php\/2020\/12\/19\/prefeitura-de-penedo-inicia-entrega-de-novas-escolas\/","title":{"rendered":"Prefeitura de Penedo inicia entrega de novas escolas"},"content":{"rendered":"<p>O governo Marcius Beltr\u00e3o\/Ronaldo Lopes inaugurou a primeira de cinco novas escolas para a popula\u00e7\u00e3o de Penedo. Os investimentos come\u00e7aram a ser entregues nesta sexta-feira, 18, no bairro Raimundo Marinho, onde foi constru\u00edda a Escola Municipal de Educa\u00e7\u00e3o B\u00e1sica Professor Wilton Lisboa Lucena.<\/p>\n<p>\u201cPoucas escolas particulares daqui de Alagoas t\u00eam o padr\u00e3o de excel\u00eancia como este aqui. S\u00e3o oito salas de aula, audit\u00f3rio, sala de refor\u00e7o para alunos que t\u00eam dificuldade de aprendizado\u201d, frisou o Prefeito Marcius Beltr\u00e3o alguns aspectos da escola modelo erguida pela gest\u00e3o que recebeu o Selo Unicef e ultrapassou as metas para o Ideb 2019.<\/p>\n<p>O gestor que encerra seu terceiro mandato inaugurando escolas e uma vila ol\u00edmpica agradeceu a coopera\u00e7\u00e3o do funcionalismo municipal. \u201cSem voc\u00eas, nada disso seria poss\u00edvel\u201d, afirmou Marcius Beltr\u00e3o.<\/p>\n<p>O Vice-Prefeito Ronaldo Lopes destacou a parceria com o governo de Alagoas, mencionando as obras de drenagem e pavimenta\u00e7\u00e3o de vias p\u00fablicas em Penedo. Uma delas, a Rua Belo Horizonte, j\u00e1 est\u00e1 sendo asfaltada, facilitando o acesso para a Escola Professor Wilton Lucena e a Creche L\u00facia Nogueira, unidades vizinhas que atendem principalmente moradores do bairro Raimundo Marinho.<\/p>\n<p>\u201cAs pessoas que moram aqui precisavam estudar em escolas de outros bairros e agora t\u00eam uma escola bem pr\u00f3xima de sua moradia, de sua fam\u00edlia\u201d, completou o sucessor de Marcius Beltr\u00e3o, frisando que a evolu\u00e7\u00e3o est\u00e1 al\u00e9m da melhor estrutura f\u00edsica e dos equipamentos novos e modernos.<\/p>\n<p>O progresso na rede p\u00fablica de educa\u00e7\u00e3o \u00e9 comprovado principalmente pela melhoria da qualidade do ensino, comprovada com os avan\u00e7os no Ideb de Penedo, disse Lopes.<\/p>\n<p>O Secret\u00e1rio Estadual de Educa\u00e7\u00e3o, F\u00e1bio Guedes, enalteceu a conquista do Selo Unicef e os avan\u00e7os no Ideb em Penedo, elogiando a conclus\u00e3o de um governo com a entrega de escolas.<\/p>\n<p>\u201c\u00c9 muito simb\u00f3lico porque mostra a preocupa\u00e7\u00e3o, em todo momento, do come\u00e7o ao fim, com a educa\u00e7\u00e3o das crian\u00e7as\u201d, afirmou, frisando o trabalho de colabora\u00e7\u00e3o que h\u00e1 entre os governos estadual e municipal.<\/p>\n<p>Prefeito eleito em Coruripe, o ainda deputado estadual Marcelo Beltr\u00e3o frisou a import\u00e2ncia de pol\u00edticos comprometidos com o povo. \u201cN\u00f3s gestores p\u00fablicos temos essa fun\u00e7\u00e3o importante de dar educa\u00e7\u00e3o de qualidade \u00e0s pessoas que mais precisam\u201d, acrescentando a necessidade de zelo por parte da popula\u00e7\u00e3o.<\/p>\n<p>A Secret\u00e1ria Municipal de Educa\u00e7\u00e3o, C\u00edntya Alves, falou da satisfa\u00e7\u00e3o de encerrar uma gest\u00e3o com tantos resultados positivos e inaugurando obras. Al\u00e9m de novas escolas e gin\u00e1sios poliesportivos, a Prefeitura de Penedo recuperou e ampliou unidades da rede. \u201dN\u00e3o \u00e9 f\u00e1cil, \u00e9 preciso ter um gestor comprometido\u201d, parabenizando o quadro de servidores da Semed pela vit\u00f3ria que \u00e9 de todos, afirmou a gestora da pasta.<\/p>\n<p>Autor do projeto de lei que homenageou o Professor Wilton Lucena, o vereador Jos\u00e9 Carlos Vicente (Macaxeira) externou sua gratid\u00e3o pelo apoio dos colegas parlamentares e comentou que a escolha era m\u00ednima diante da contribui\u00e7\u00e3o do educador para Penedo.<\/p>\n<p>Filho do Professor Wilton, Ailson Nic\u00e1cio Lucena fez um breve perfil de seu perfil de seu pai, um cidad\u00e3o \u00edntegro, de esp\u00edrito criativo e entusiasta sobre Penedo. O homenageado atuou em diversas institui\u00e7\u00f5es de ensino e dedicava-se ao magist\u00e9rio com paix\u00e3o.<\/p>\n<p>\u201cVer seu nome estampado na fachada dessa bel\u00edssima escola me enche de esperan\u00e7a de que consigamos, atrav\u00e9s da democratiza\u00e7\u00e3o do acesso \u00e0 educa\u00e7\u00e3o e fomento de pol\u00edticas p\u00fablicas, formar gera\u00e7\u00f5es conscientes de seu papel que o mundo contempor\u00e2neo nos imp\u00f5e\u201d, afirmou A\u00edlson Lucena.<\/p>\n<p>Ap\u00f3s os pronunciamentos, os participantes da solenidade promovida pela Prefeitura de Penedo visitaram as depend\u00eancias da escola e da creche L\u00facia Nogueira, vizinha da unidade de ensino e tamb\u00e9m contemplada com diversas melhorias em infraestrutura e material did\u00e1tico-pedag\u00f3gico.<\/p>\n<p>&nbsp;<\/p>\n<p><strong>por Fernando Vin\u00edcius \u2013 Decom PMP<\/strong><\/p>\n<p><a href=\"https:\/\/oparanews.com.br\/prefeitura-de-penedo-inicia-entrega-de-novas-escolas\/sem-titulo-2052\/\" rel=\"attachment wp-att-11482\"><img loading=\"lazy\" decoding=\"async\" class=\"alignleft size-medium wp-image-11482\" src=\"https:\/\/oparanews.com.br\/wp-content\/uploads\/2020\/12\/Sem-t\u00edtulo-128-300x200.jpg\" alt=\"\" width=\"300\" height=\"200\" \/><\/a><a href=\"https:\/\/oparanews.com.br\/prefeitura-de-penedo-inicia-entrega-de-novas-escolas\/sem-titulo-2053\/\" rel=\"attachment wp-att-11483\"><img loading=\"lazy\" decoding=\"async\" class=\"alignleft size-medium wp-image-11483\" src=\"https:\/\/oparanews.com.br\/wp-content\/uploads\/2020\/12\/Sem-t\u00edtulo-129-300x200.jpg\" alt=\"\" width=\"300\" height=\"200\" \/><\/a><a href=\"https:\/\/oparanews.com.br\/prefeitura-de-penedo-inicia-entrega-de-novas-escolas\/sem-titulo-2051\/\" rel=\"attachment wp-att-11481\"><img loading=\"lazy\" decoding=\"async\" class=\"alignleft size-medium wp-image-11481\" src=\"https:\/\/oparanews.com.br\/wp-content\/uploads\/2020\/12\/Sem-t\u00edtulo-127-300x200.jpg\" alt=\"\" width=\"300\" height=\"200\" \/><\/a><\/p>\n<p>&nbsp;<\/p>\n<p>&nbsp;<\/p>\n","protected":false},"excerpt":{"rendered":"<p>O governo Marcius Beltr\u00e3o\/Ronaldo Lopes inaugurou a primeira de cinco novas escolas para a popula\u00e7\u00e3o de Penedo. Os investimentos come\u00e7aram a ser entregues nesta sexta-feira, 18, no bairro Raimundo Marinho, onde foi constru\u00edda a Escola Municipal de Educa\u00e7\u00e3o B\u00e1sica Professor Wilton Lisboa Lucena. \u201cPoucas escolas particulares daqui de Alagoas t\u00eam o padr\u00e3o de excel\u00eancia como &hellip;<\/p>\n","protected":false},"author":1,"featured_media":11484,"comment_status":"open","ping_status":"open","sticky":false,"template":"","format":"standard","meta":{"_jetpack_newsletter_access":"","_jetpack_dont_email_post_to_subs":false,"_jetpack_newsletter_tier_id":0,"_jetpack_memberships_contains_paywalled_content":false,"_jetpack_memberships_contains_paid_content":false,"footnotes":""},"categories":[1],"tags":[],"class_list":["post-11480","post","type-post","status-publish","format-standard","has-post-thumbnail","hentry","category-destaque"],"jetpack_sharing_enabled":true,"jetpack_featured_media_url":"","_links":{"self":[{"href":"https:\/\/www.oparanews.com.br\/index.php\/wp-json\/wp\/v2\/posts\/11480","targetHints":{"allow":["GET"]}}],"collection":[{"href":"https:\/\/www.oparanews.com.br\/index.php\/wp-json\/wp\/v2\/posts"}],"about":[{"href":"https:\/\/www.oparanews.com.br\/index.php\/wp-json\/wp\/v2\/types\/post"}],"author":[{"embeddable":true,"href":"https:\/\/www.oparanews.com.br\/index.php\/wp-json\/wp\/v2\/users\/1"}],"replies":[{"embeddable":true,"href":"https:\/\/www.oparanews.com.br\/index.php\/wp-json\/wp\/v2\/comments?post=11480"}],"version-history":[{"count":0,"href":"https:\/\/www.oparanews.com.br\/index.php\/wp-json\/wp\/v2\/posts\/11480\/revisions"}],"wp:attachment":[{"href":"https:\/\/www.oparanews.com.br\/index.php\/wp-json\/wp\/v2\/media?parent=11480"}],"wp:term":[{"taxonomy":"category","embeddable":true,"href":"https:\/\/www.oparanews.com.br\/index.php\/wp-json\/wp\/v2\/categories?post=11480"},{"taxonomy":"post_tag","embeddable":true,"href":"https:\/\/www.oparanews.com.br\/index.php\/wp-json\/wp\/v2\/tags?post=11480"}],"curies":[{"name":"wp","href":"https:\/\/api.w.org\/{rel}","templated":true}]}}