{"id":11497,"date":"2020-12-20T14:15:46","date_gmt":"2020-12-20T14:15:46","guid":{"rendered":"https:\/\/oparanews.com.br\/?p=11497"},"modified":"2020-12-20T14:15:46","modified_gmt":"2020-12-20T14:15:46","slug":"eua-admitem-6-reacoes-alergicas-graves-apos-vacina-da-pfizer","status":"publish","type":"post","link":"https:\/\/www.oparanews.com.br\/index.php\/2020\/12\/20\/eua-admitem-6-reacoes-alergicas-graves-apos-vacina-da-pfizer\/","title":{"rendered":"EUA admitem 6 rea\u00e7\u00f5es al\u00e9rgicas graves ap\u00f3s vacina da Pfizer"},"content":{"rendered":"<p>NOVA YORK &#8211; Seis pessoas desenvolveram uma rea\u00e7\u00e3o al\u00e9rgica grave chamada de anafilaxia ap\u00f3s receberem a vacina contra a covid-19 feita pela Pfizer e BioNTech, disse o Centro para Controle e Preven\u00e7\u00e3o de Doen\u00e7as (CDC, na sigla em ingl\u00eas), neste s\u00e1bado.<\/p>\n<p>A ag\u00eancia disse que est\u00e1 investigando a causa das rea\u00e7\u00f5es al\u00e9rgicas e quais liga\u00e7\u00f5es os seis casos podem ter. Algumas das pessoas s\u00e3o do Alasca, mas outras s\u00e3o de outros lugares, disse Tom Clark, uma autoridade do CDC que apresentou dados ao Comit\u00ea Consultivo em Pr\u00e1ticas de Imuniza\u00e7\u00e3o, ou ACIP, cujos membros se reuniram hoje para votar sobre outra vacina fabricada pela Moderna.<\/p>\n<p>As pessoas afetadas s\u00e3o todos adultos com menos de 65 anos, e a maioria foi hospitalizada, prontamente tratada e submetida \u00e0 observa\u00e7\u00e3o, disse Clark. As fotos que receberam eram de mais de uma linha de produ\u00e7\u00e3o, acrescentou ele, sugerindo que as rea\u00e7\u00f5es n\u00e3o resultaram de um problema de fabrica\u00e7\u00e3o localizado. O CDC soube de todos os casos rapidamente por meio de sistemas federais de monitoramento de seguran\u00e7a de vacinas, Clark.<\/p>\n<p>Das 112.807 pessoas vacinadas registradas no sistema de seguran\u00e7a da vigil\u00e2ncia sanit\u00e1ria at\u00e9 sexta-feira, 3.150 relataram sintomas ap\u00f3s a vacina\u00e7\u00e3o que os impossibilitaram de realizar atividades di\u00e1rias ou de trabalho. A maioria n\u00e3o requer cuidados m\u00e9dicos, disse Clark, acrescentando que o CDC est\u00e1 estudando os relatos para obter mais detalhes.<\/p>\n<p>O ACIP endossou o uso da vacina Moderna em pessoas com 18 anos ou mais neste s\u00e1bado, com os membros do painel dizendo que os benef\u00edcios da inocula\u00e7\u00e3o superavam os riscos, considerando que milhares de mortes ocorriam diariamente nos EUA.<\/p>\n<p>&nbsp;<\/p>\n<p><strong>Fonte: Terra<\/strong><\/p>\n<p>&nbsp;<\/p>\n","protected":false},"excerpt":{"rendered":"<p>NOVA YORK &#8211; Seis pessoas desenvolveram uma rea\u00e7\u00e3o al\u00e9rgica grave chamada de anafilaxia ap\u00f3s receberem a vacina contra a covid-19 feita pela Pfizer e BioNTech, disse o Centro para Controle e Preven\u00e7\u00e3o de Doen\u00e7as (CDC, na sigla em ingl\u00eas), neste s\u00e1bado. A ag\u00eancia disse que est\u00e1 investigando a causa das rea\u00e7\u00f5es al\u00e9rgicas e quais liga\u00e7\u00f5es &hellip;<\/p>\n","protected":false},"author":1,"featured_media":11498,"comment_status":"open","ping_status":"open","sticky":false,"template":"","format":"standard","meta":{"_jetpack_newsletter_access":"","_jetpack_dont_email_post_to_subs":false,"_jetpack_newsletter_tier_id":0,"_jetpack_memberships_contains_paywalled_content":false,"_jetpack_memberships_contains_paid_content":false,"footnotes":""},"categories":[1],"tags":[],"class_list":["post-11497","post","type-post","status-publish","format-standard","has-post-thumbnail","hentry","category-destaque"],"jetpack_sharing_enabled":true,"jetpack_featured_media_url":"","_links":{"self":[{"href":"https:\/\/www.oparanews.com.br\/index.php\/wp-json\/wp\/v2\/posts\/11497","targetHints":{"allow":["GET"]}}],"collection":[{"href":"https:\/\/www.oparanews.com.br\/index.php\/wp-json\/wp\/v2\/posts"}],"about":[{"href":"https:\/\/www.oparanews.com.br\/index.php\/wp-json\/wp\/v2\/types\/post"}],"author":[{"embeddable":true,"href":"https:\/\/www.oparanews.com.br\/index.php\/wp-json\/wp\/v2\/users\/1"}],"replies":[{"embeddable":true,"href":"https:\/\/www.oparanews.com.br\/index.php\/wp-json\/wp\/v2\/comments?post=11497"}],"version-history":[{"count":0,"href":"https:\/\/www.oparanews.com.br\/index.php\/wp-json\/wp\/v2\/posts\/11497\/revisions"}],"wp:attachment":[{"href":"https:\/\/www.oparanews.com.br\/index.php\/wp-json\/wp\/v2\/media?parent=11497"}],"wp:term":[{"taxonomy":"category","embeddable":true,"href":"https:\/\/www.oparanews.com.br\/index.php\/wp-json\/wp\/v2\/categories?post=11497"},{"taxonomy":"post_tag","embeddable":true,"href":"https:\/\/www.oparanews.com.br\/index.php\/wp-json\/wp\/v2\/tags?post=11497"}],"curies":[{"name":"wp","href":"https:\/\/api.w.org\/{rel}","templated":true}]}}