{"id":11500,"date":"2020-12-20T14:17:27","date_gmt":"2020-12-20T14:17:27","guid":{"rendered":"https:\/\/oparanews.com.br\/?p=11500"},"modified":"2020-12-20T14:17:27","modified_gmt":"2020-12-20T14:17:27","slug":"jair-bolsonaro-a-pressa-da-vacina-nao-se-justifica","status":"publish","type":"post","link":"https:\/\/www.oparanews.com.br\/index.php\/2020\/12\/20\/jair-bolsonaro-a-pressa-da-vacina-nao-se-justifica\/","title":{"rendered":"Jair Bolsonaro: &#8216;A pressa da vacina n\u00e3o se justifica&#8217;"},"content":{"rendered":"<p>&#8220;A pressa da vacina n\u00e3o se justifica&#8221;. A frase foi dita pelo presidente Jair Bolsonaro na tarde deste s\u00e1bado, 19, em entrevista gravada concedida ao deputado Eduardo Bolsonaro (PSL-SP). O chefe do executivo federal disse ainda que a pandemia da covid-19 est\u00e1 acabando.<\/p>\n<p>&#8220;A pandemia, realmente, est\u00e1 chegando ao fim. Temos uma pequena ascens\u00e3o agora, que chama de pequeno repique que pode acontecer, mas a pressa da vacina n\u00e3o se justifica, disse Bolsonaro, ao afirmar que h\u00e1 uma apreens\u00e3o injustificada sobre a doen\u00e7a que j\u00e1 matou mais de 180 mil brasileiros. &#8220;Voc\u00ea mexe com a vida das pessoas. V\u00e3o inocular algo em voc\u00ea. O seu sistema imunol\u00f3gico pode reagir ainda de forma imprevista&#8221;, comentou.<\/p>\n<p>Bolsonaro fez ila\u00e7\u00f5es ainda sobre &#8220;interesses&#8221; nos R$ 20 bilh\u00f5es previstos para comprar as vacinas, sem dar nenhum detalhe. &#8220;Tem muita coisa ainda que est\u00e1 em segredo. N\u00e3o quero externar aqui, porque a imprensa vai usar contra mim. Mas o interesse \u00e9 muito grande nesses R$ 20 bilh\u00f5es para comprar essa vacina&#8221;, declarou ao filho. &#8220;N\u00e3o h\u00e1 guerra ou politiza\u00e7\u00e3o da minha parte. A gente espera uma vacina segura. A pr\u00f3pria China&#8230; n\u00e3o temos informa\u00e7\u00f5es de vacina\u00e7\u00e3o em massa por l\u00e1&#8221;, afirmou.<\/p>\n<p>Sem citar nomes, mas claramente se referindo ao governador de S\u00e3o Paulo, Jo\u00e3o D\u00f3ria, Bolsonaro disse que tamb\u00e9m n\u00e3o tem pressa de gastar os recursos. &#8220;N\u00e3o tenho pressa de gastar dinheiro n\u00e3o. Nossa pressa \u00e9 salvar vida, n\u00e3o \u00e9 gastar n\u00e3o. \u00c9 muito suspeita essa pressa em gastar R$ 20 bilh\u00f5es em vacina&#8221;, disse.<\/p>\n<p>Apesar de n\u00e3o haver como uma vacina ser utilizada no Brasil sem passar pela Ag\u00eancia Nacional de Vigil\u00e2ncia Sanit\u00e1ria (Anvisa), Bolsonaro disse que \u00e9 preciso aguardar o aval da ag\u00eancia reguladora. &#8220;Voc\u00ea n\u00e3o pode, sem que passe pela Anvisa, sem que tenha certifica\u00e7\u00e3o da Anvisa, voc\u00ea botar a vacina no mercado. Isso \u00e9 uma irresponsabilidade. L\u00f3gico, tendo uma vacina comprovada, a gente vai comprar e vai distribuir para todo o Brasil e aquele que quiser voluntariamente se vacinar, poder\u00e1 fazer.&#8221;<\/p>\n<p>O presidente afirmou que o governo federal &#8220;fez mais do que sua parte&#8221; na atua\u00e7\u00e3o de combate \u00e0 pandemia do novo coronav\u00edrus e que o Executivo &#8220;garantiu a economia e empregos&#8221;, mantendo obras mesmo com menos recursos e com a regra do teto de gastos.<\/p>\n<p>&#8220;Final do ano passado, a previs\u00e3o era crescer no trimestre 2,5%, t\u00ednhamos previs\u00e3o no m\u00ednimo de 4%, mas infelizmente veio a pandemia, lutamos com a pandemia e or\u00e7amento bastante reduzido, tendo em vista a lei do teto, mas governo no meu entender foi bem, garantiu empregos, manuten\u00e7\u00e3o de obras, com menos recursos, Brasil estava indo muito bem&#8221;, disse Bolsonaro, segundo quem o Brasil pode terminar o ano &#8220;talvez&#8221; com n\u00edvel de emprego muito pr\u00f3ximo ao do final de 2019.<\/p>\n<p>J\u00e1 tendo chamado o coronav\u00edrus de &#8220;gripezinha&#8221;, o presidente afirmou que a &#8220;quest\u00e3o da pandemia&#8221; foi uma trag\u00e9dia e que o Brasil teve de conviver com a doen\u00e7a. &#8220;Estamos sobrevivendo. Os n\u00fameros t\u00eam mostrado que o Brasil em mortes por milh\u00e3o de habitantes est\u00e1 cada vez mais abaixo do topo do n\u00famero de mortes&#8221;, disse, atribuindo a situa\u00e7\u00e3o ao &#8220;tratamento precoce&#8221; para combater o v\u00edrus. Bolsonaro \u00e9 defensor da cloroquina para o tratamento do covid-19, mesmo n\u00e3o havendo comprova\u00e7\u00e3o cient\u00edfica sobre a efici\u00eancia do rem\u00e9dio para combater o novo v\u00edrus.<\/p>\n<p>O Brasil contabilizou nesta sexta-feira, 18, a m\u00e9dia m\u00f3vel de 748 mortos pela covid-19, um aumento de 17,06% em uma semana. Nas \u00faltimas 24h, foram 811 novos registros de mortes e 52.385 casos confirmados. Os dados s\u00e3o do cons\u00f3rcio de ve\u00edculos de imprensa formado por Estad\u00e3o, G1, O Globo, Extra, Folha e UOL em parceria com 27 secretarias estaduais de Sa\u00fade.<\/p>\n<p>&nbsp;<\/p>\n<p><strong>Fonte: Terra<\/strong><\/p>\n<p>&nbsp;<\/p>\n","protected":false},"excerpt":{"rendered":"<p>&#8220;A pressa da vacina n\u00e3o se justifica&#8221;. A frase foi dita pelo presidente Jair Bolsonaro na tarde deste s\u00e1bado, 19, em entrevista gravada concedida ao deputado Eduardo Bolsonaro (PSL-SP). O chefe do executivo federal disse ainda que a pandemia da covid-19 est\u00e1 acabando. &#8220;A pandemia, realmente, est\u00e1 chegando ao fim. Temos uma pequena ascens\u00e3o agora, &hellip;<\/p>\n","protected":false},"author":1,"featured_media":11501,"comment_status":"open","ping_status":"open","sticky":false,"template":"","format":"standard","meta":{"_jetpack_newsletter_access":"","_jetpack_dont_email_post_to_subs":false,"_jetpack_newsletter_tier_id":0,"_jetpack_memberships_contains_paywalled_content":false,"_jetpack_memberships_contains_paid_content":false,"footnotes":""},"categories":[1],"tags":[],"class_list":["post-11500","post","type-post","status-publish","format-standard","has-post-thumbnail","hentry","category-destaque"],"jetpack_sharing_enabled":true,"jetpack_featured_media_url":"","_links":{"self":[{"href":"https:\/\/www.oparanews.com.br\/index.php\/wp-json\/wp\/v2\/posts\/11500","targetHints":{"allow":["GET"]}}],"collection":[{"href":"https:\/\/www.oparanews.com.br\/index.php\/wp-json\/wp\/v2\/posts"}],"about":[{"href":"https:\/\/www.oparanews.com.br\/index.php\/wp-json\/wp\/v2\/types\/post"}],"author":[{"embeddable":true,"href":"https:\/\/www.oparanews.com.br\/index.php\/wp-json\/wp\/v2\/users\/1"}],"replies":[{"embeddable":true,"href":"https:\/\/www.oparanews.com.br\/index.php\/wp-json\/wp\/v2\/comments?post=11500"}],"version-history":[{"count":0,"href":"https:\/\/www.oparanews.com.br\/index.php\/wp-json\/wp\/v2\/posts\/11500\/revisions"}],"wp:attachment":[{"href":"https:\/\/www.oparanews.com.br\/index.php\/wp-json\/wp\/v2\/media?parent=11500"}],"wp:term":[{"taxonomy":"category","embeddable":true,"href":"https:\/\/www.oparanews.com.br\/index.php\/wp-json\/wp\/v2\/categories?post=11500"},{"taxonomy":"post_tag","embeddable":true,"href":"https:\/\/www.oparanews.com.br\/index.php\/wp-json\/wp\/v2\/tags?post=11500"}],"curies":[{"name":"wp","href":"https:\/\/api.w.org\/{rel}","templated":true}]}}