{"id":11512,"date":"2020-12-20T16:47:37","date_gmt":"2020-12-20T16:47:37","guid":{"rendered":"https:\/\/oparanews.com.br\/?p=11512"},"modified":"2020-12-20T16:47:37","modified_gmt":"2020-12-20T16:47:37","slug":"nicette-bruno-morre-no-rio-vitima-de-covid-19","status":"publish","type":"post","link":"https:\/\/www.oparanews.com.br\/index.php\/2020\/12\/20\/nicette-bruno-morre-no-rio-vitima-de-covid-19\/","title":{"rendered":"Nicette Bruno morre no Rio, v\u00edtima de Covid-19"},"content":{"rendered":"<p>A atriz Nicette Bruno morreu na manh\u00e3 deste domingo (20), aos 87 anos. Ela estava internada com Covid-19 na Unidade de Terapia Intensiva (UTI) da Casa de Sa\u00fade S\u00e3o Jos\u00e9, no Humait\u00e1, Zona Sul do Rio.<\/p>\n<p>De acordo com o boletim m\u00e9dico divulgado neste domingo (20), o estado de sa\u00fade de Nicette \u201cera considerado muito grave\u201d. Ela estava sedada e dependente de ventila\u00e7\u00e3o mec\u00e2nica.<\/p>\n<p>A informa\u00e7\u00e3o da morte foi confirmada pela hospital por volta das 13h20. De acordo com a Casa de Sa\u00fade S\u00e3o Jos\u00e9 ela morreu por &#8220;complica\u00e7\u00f5es decorrentes da Covid-19&#8221;.<\/p>\n<p>&#8220;A Casa de Sa\u00fade S\u00e3o Jos\u00e9 informa que a atriz Nicette Bruno, que estava internada no hospital desde 26 de novembro de 2020, faleceu hoje, \u00e0s 11h40, devido a complica\u00e7\u00f5es decorrentes da Covid-19. O hospital se solidariza com a fam\u00edlia neste momento&#8221;, diz a nota de divulga\u00e7\u00e3o do hospital.<\/p>\n<p>A filha de Nicette Bruno, a tamb\u00e9m atriz Beth Goulart, fez uma corrente de ora\u00e7\u00e3o nas redes sociais para a recupera\u00e7\u00e3o da m\u00e3e. Na\u00b4\u00faltima publica\u00e7\u00e3o, ela deixou um recado para seus seguidores e afirmou que \u201ca f\u00e9 nos fortalece.<\/p>\n<p>\u201cVamos orar pela melhora dela, pela cura dela. E, neste momento, aproveite para orar para voc\u00ea tamb\u00e9m e sua fam\u00edlia. Para que voc\u00ea encontre as solu\u00e7\u00f5es necess\u00e1rias para qualquer obst\u00e1culo e situa\u00e7\u00e3o dif\u00edcil que est\u00e1 vivendo. A f\u00e9 nos fortalece em qualquer situa\u00e7\u00e3o\u201d, diz Beth em v\u00eddeo.<\/p>\n<p>&nbsp;<\/p>\n<p><strong>Fonte: G1<\/strong><\/p>\n<p>&nbsp;<\/p>\n","protected":false},"excerpt":{"rendered":"<p>A atriz Nicette Bruno morreu na manh\u00e3 deste domingo (20), aos 87 anos. Ela estava internada com Covid-19 na Unidade de Terapia Intensiva (UTI) da Casa de Sa\u00fade S\u00e3o Jos\u00e9, no Humait\u00e1, Zona Sul do Rio. De acordo com o boletim m\u00e9dico divulgado neste domingo (20), o estado de sa\u00fade de Nicette \u201cera considerado muito &hellip;<\/p>\n","protected":false},"author":1,"featured_media":11513,"comment_status":"open","ping_status":"open","sticky":false,"template":"","format":"standard","meta":{"_jetpack_newsletter_access":"","_jetpack_dont_email_post_to_subs":false,"_jetpack_newsletter_tier_id":0,"_jetpack_memberships_contains_paywalled_content":false,"_jetpack_memberships_contains_paid_content":false,"footnotes":""},"categories":[1],"tags":[],"class_list":["post-11512","post","type-post","status-publish","format-standard","has-post-thumbnail","hentry","category-destaque"],"jetpack_sharing_enabled":true,"jetpack_featured_media_url":"","_links":{"self":[{"href":"https:\/\/www.oparanews.com.br\/index.php\/wp-json\/wp\/v2\/posts\/11512","targetHints":{"allow":["GET"]}}],"collection":[{"href":"https:\/\/www.oparanews.com.br\/index.php\/wp-json\/wp\/v2\/posts"}],"about":[{"href":"https:\/\/www.oparanews.com.br\/index.php\/wp-json\/wp\/v2\/types\/post"}],"author":[{"embeddable":true,"href":"https:\/\/www.oparanews.com.br\/index.php\/wp-json\/wp\/v2\/users\/1"}],"replies":[{"embeddable":true,"href":"https:\/\/www.oparanews.com.br\/index.php\/wp-json\/wp\/v2\/comments?post=11512"}],"version-history":[{"count":0,"href":"https:\/\/www.oparanews.com.br\/index.php\/wp-json\/wp\/v2\/posts\/11512\/revisions"}],"wp:attachment":[{"href":"https:\/\/www.oparanews.com.br\/index.php\/wp-json\/wp\/v2\/media?parent=11512"}],"wp:term":[{"taxonomy":"category","embeddable":true,"href":"https:\/\/www.oparanews.com.br\/index.php\/wp-json\/wp\/v2\/categories?post=11512"},{"taxonomy":"post_tag","embeddable":true,"href":"https:\/\/www.oparanews.com.br\/index.php\/wp-json\/wp\/v2\/tags?post=11512"}],"curies":[{"name":"wp","href":"https:\/\/api.w.org\/{rel}","templated":true}]}}