{"id":11515,"date":"2020-12-20T19:47:35","date_gmt":"2020-12-20T19:47:35","guid":{"rendered":"https:\/\/oparanews.com.br\/?p=11515"},"modified":"2020-12-20T19:47:35","modified_gmt":"2020-12-20T19:47:35","slug":"alagoas-confirma-mais-307-casos-do-novo-coronavirus-e-6-mortes-em-24h","status":"publish","type":"post","link":"https:\/\/www.oparanews.com.br\/index.php\/2020\/12\/20\/alagoas-confirma-mais-307-casos-do-novo-coronavirus-e-6-mortes-em-24h\/","title":{"rendered":"Alagoas confirma mais 307 casos do novo coronav\u00edrus e 6 mortes em 24h"},"content":{"rendered":"<p>A Secretaria de Estado da Sa\u00fade (Sesau) informou, neste domingo (20), atrav\u00e9s do boletim epidemiol\u00f3gico di\u00e1rio, a confirma\u00e7\u00e3o de mais 307 novos casos de Covid-19 em Alagoas. Com isso, o estado tem um total de 101.285 casos confirmados do novo coronav\u00edrus at\u00e9 o momento. Foram registradas mais seis mortes em territ\u00f3rio alagoano e o total de \u00f3bitos agora \u00e9 2.410.<\/p>\n<p>O boletim mostra ainda que 96.598 pacientes j\u00e1 finalizaram o per\u00edodo de isolamento, n\u00e3o apresentam mais sintomas e, portanto, est\u00e3o recuperados da doen\u00e7a. H\u00e1 9.429 casos em investiga\u00e7\u00e3o laboratorial.<\/p>\n<p>Dos 601 leitos criados pela Secretaria de Estado da Sa\u00fade (Sesau) para atender, exclusivamente, pacientes com suspeita e confirma\u00e7\u00e3o de infec\u00e7\u00e3o pelo novo coronav\u00edrus, 210 estavam ocupados at\u00e9 \u00e0s 17h da sexta-feira (18), o que corresponde a 35% do total. J\u00e1 a taxa de ocupa\u00e7\u00e3o dos leitos de UTI era de 51%.<\/p>\n<p><strong>Mais seis mortes por Covid-19<\/strong><\/p>\n<p>Macei\u00f3: Homem, 69 anos \u2013 obeso e com transtorno psiqui\u00e1trico<br \/>\nMacei\u00f3: Homem, 74 anos \u2013 hipertenso e diab\u00e9tico<br \/>\nMacei\u00f3: Homem, 56 anos \u2013 doen\u00e7a de Parkinson e depress\u00e3o<br \/>\nUni\u00e3o dos Palmares: Homem, 60 anos \u2013 doen\u00e7a cardiovascular cr\u00f4nica, doen\u00e7a renal cr\u00f4nica, diabetes<br \/>\nBarra de Santo Ant\u00f4nio: Mulher, 44 anos \u2013 sem comorbidades<br \/>\nArapiraca: Mulher, 83 anos \u2013 diab\u00e9tica e hipertensa<\/p>\n<p>&nbsp;<\/p>\n<p><strong>Fonte: G1\/AL<\/strong><\/p>\n<p>&nbsp;<\/p>\n","protected":false},"excerpt":{"rendered":"<p>A Secretaria de Estado da Sa\u00fade (Sesau) informou, neste domingo (20), atrav\u00e9s do boletim epidemiol\u00f3gico di\u00e1rio, a confirma\u00e7\u00e3o de mais 307 novos casos de Covid-19 em Alagoas. Com isso, o estado tem um total de 101.285 casos confirmados do novo coronav\u00edrus at\u00e9 o momento. Foram registradas mais seis mortes em territ\u00f3rio alagoano e o total &hellip;<\/p>\n","protected":false},"author":1,"featured_media":4593,"comment_status":"open","ping_status":"open","sticky":false,"template":"","format":"standard","meta":{"_jetpack_newsletter_access":"","_jetpack_dont_email_post_to_subs":false,"_jetpack_newsletter_tier_id":0,"_jetpack_memberships_contains_paywalled_content":false,"_jetpack_memberships_contains_paid_content":false,"footnotes":""},"categories":[1],"tags":[],"class_list":["post-11515","post","type-post","status-publish","format-standard","has-post-thumbnail","hentry","category-destaque"],"jetpack_sharing_enabled":true,"jetpack_featured_media_url":"","_links":{"self":[{"href":"https:\/\/www.oparanews.com.br\/index.php\/wp-json\/wp\/v2\/posts\/11515","targetHints":{"allow":["GET"]}}],"collection":[{"href":"https:\/\/www.oparanews.com.br\/index.php\/wp-json\/wp\/v2\/posts"}],"about":[{"href":"https:\/\/www.oparanews.com.br\/index.php\/wp-json\/wp\/v2\/types\/post"}],"author":[{"embeddable":true,"href":"https:\/\/www.oparanews.com.br\/index.php\/wp-json\/wp\/v2\/users\/1"}],"replies":[{"embeddable":true,"href":"https:\/\/www.oparanews.com.br\/index.php\/wp-json\/wp\/v2\/comments?post=11515"}],"version-history":[{"count":0,"href":"https:\/\/www.oparanews.com.br\/index.php\/wp-json\/wp\/v2\/posts\/11515\/revisions"}],"wp:attachment":[{"href":"https:\/\/www.oparanews.com.br\/index.php\/wp-json\/wp\/v2\/media?parent=11515"}],"wp:term":[{"taxonomy":"category","embeddable":true,"href":"https:\/\/www.oparanews.com.br\/index.php\/wp-json\/wp\/v2\/categories?post=11515"},{"taxonomy":"post_tag","embeddable":true,"href":"https:\/\/www.oparanews.com.br\/index.php\/wp-json\/wp\/v2\/tags?post=11515"}],"curies":[{"name":"wp","href":"https:\/\/api.w.org\/{rel}","templated":true}]}}