{"id":11517,"date":"2020-12-21T01:09:07","date_gmt":"2020-12-21T01:09:07","guid":{"rendered":"https:\/\/oparanews.com.br\/?p=11517"},"modified":"2020-12-21T01:09:07","modified_gmt":"2020-12-21T01:09:07","slug":"carlinhos-maia-da-festa-na-pandemia-e-e-cancelado-na-web-irresponsavel","status":"publish","type":"post","link":"https:\/\/www.oparanews.com.br\/index.php\/2020\/12\/21\/carlinhos-maia-da-festa-na-pandemia-e-e-cancelado-na-web-irresponsavel\/","title":{"rendered":"Carlinhos Maia d\u00e1 festa na pandemia e \u00e9 cancelado na web: \u201cIrrespons\u00e1vel\u201d"},"content":{"rendered":"<p>Carlinhos Maia est\u00e1 sendo muito criticado na web ap\u00f3s dar uma festona no s\u00e1bado (19), em plena pandemia do novo coronav\u00edrus.<\/p>\n<p>A celebra\u00e7\u00e3o realizada pelo humorista aconteceu em Penedo, Alagoas, e reuniu muitos famosos. No Instagram, Maia compartilhou v\u00e1rios v\u00eddeos em que eles e seus convidados aparecem sem m\u00e1scara e em total aglomera\u00e7\u00e3o.<\/p>\n<p>O epis\u00f3dio repercutiu nas redes sociais e muitos internautas criticaram o influenciador digital: \u201cFesta patrocinada pelo Covid!!!! D\u00ea o exemplo\u201d, escreveu um seguidor. Outra foi mais dura: \u201cIrrespons\u00e1vel! Voc\u00ea \u00e9 um desservi\u00e7o para a sociedade! Os \u00fanicos a usarem m\u00e1scara nesta AGLOMERA\u00c7\u00c3O s\u00e3o os funcion\u00e1rios do buffet. Que muito provavelmente est\u00e3o l\u00e1 pq precisam trabalhar\u201d, disse uma seguidora.<\/p>\n<p>&nbsp;<\/p>\n<p><strong>Fonte: ISTO\u00c9 Gente<\/strong><\/p>\n<p>&nbsp;<\/p>\n","protected":false},"excerpt":{"rendered":"<p>Carlinhos Maia est\u00e1 sendo muito criticado na web ap\u00f3s dar uma festona no s\u00e1bado (19), em plena pandemia do novo coronav\u00edrus. A celebra\u00e7\u00e3o realizada pelo humorista aconteceu em Penedo, Alagoas, e reuniu muitos famosos. No Instagram, Maia compartilhou v\u00e1rios v\u00eddeos em que eles e seus convidados aparecem sem m\u00e1scara e em total aglomera\u00e7\u00e3o. O epis\u00f3dio &hellip;<\/p>\n","protected":false},"author":1,"featured_media":11518,"comment_status":"open","ping_status":"open","sticky":false,"template":"","format":"standard","meta":{"_jetpack_newsletter_access":"","_jetpack_dont_email_post_to_subs":false,"_jetpack_newsletter_tier_id":0,"_jetpack_memberships_contains_paywalled_content":false,"_jetpack_memberships_contains_paid_content":false,"footnotes":""},"categories":[1],"tags":[],"class_list":["post-11517","post","type-post","status-publish","format-standard","has-post-thumbnail","hentry","category-destaque"],"jetpack_sharing_enabled":true,"jetpack_featured_media_url":"","_links":{"self":[{"href":"https:\/\/www.oparanews.com.br\/index.php\/wp-json\/wp\/v2\/posts\/11517","targetHints":{"allow":["GET"]}}],"collection":[{"href":"https:\/\/www.oparanews.com.br\/index.php\/wp-json\/wp\/v2\/posts"}],"about":[{"href":"https:\/\/www.oparanews.com.br\/index.php\/wp-json\/wp\/v2\/types\/post"}],"author":[{"embeddable":true,"href":"https:\/\/www.oparanews.com.br\/index.php\/wp-json\/wp\/v2\/users\/1"}],"replies":[{"embeddable":true,"href":"https:\/\/www.oparanews.com.br\/index.php\/wp-json\/wp\/v2\/comments?post=11517"}],"version-history":[{"count":0,"href":"https:\/\/www.oparanews.com.br\/index.php\/wp-json\/wp\/v2\/posts\/11517\/revisions"}],"wp:attachment":[{"href":"https:\/\/www.oparanews.com.br\/index.php\/wp-json\/wp\/v2\/media?parent=11517"}],"wp:term":[{"taxonomy":"category","embeddable":true,"href":"https:\/\/www.oparanews.com.br\/index.php\/wp-json\/wp\/v2\/categories?post=11517"},{"taxonomy":"post_tag","embeddable":true,"href":"https:\/\/www.oparanews.com.br\/index.php\/wp-json\/wp\/v2\/tags?post=11517"}],"curies":[{"name":"wp","href":"https:\/\/api.w.org\/{rel}","templated":true}]}}