{"id":11523,"date":"2020-12-21T15:47:08","date_gmt":"2020-12-21T15:47:08","guid":{"rendered":"https:\/\/oparanews.com.br\/?p=11523"},"modified":"2020-12-21T15:47:08","modified_gmt":"2020-12-21T15:47:08","slug":"alagoas-retoma-aulas-presenciais-nas-redes-publica-e-privada-no-dia-21-de-janeiro","status":"publish","type":"post","link":"https:\/\/www.oparanews.com.br\/index.php\/2020\/12\/21\/alagoas-retoma-aulas-presenciais-nas-redes-publica-e-privada-no-dia-21-de-janeiro\/","title":{"rendered":"Alagoas retoma aulas presenciais nas redes p\u00fablica e privada no dia 21 de janeiro"},"content":{"rendered":"<p>O governador de Alagoas disse em entrevista coletiva nesta segunda-feira (21) que o estado est\u00e1 preparado para enfrentar os casos de Covid-19 e, se for necess\u00e1rio, pode endurecer os decretos de emerg\u00eancia para aglomera\u00e7\u00f5es e festas de fim ano. Entretanto, apesar de o estado apresentar aumento do n\u00famero de casos e mortes causadas pela doen\u00e7a, Renan Filho (MDB) anunciou que as aulas presenciais das redes p\u00fablica e privada retornam no dia 21 de janeiro de 2021.<\/p>\n<p>Suspensas em mar\u00e7o por causa da pandemia da Covid-19, as aulas presenciais est\u00e3o autorizadas apenas para adultos desde outubro. O governador n\u00e3o informou se haver\u00e1 restri\u00e7\u00e3o de turma e idade para essa nova etapa prevista para janeiro, disse apenas que, inicialmente, ser\u00e1 autorizado o retorno para 50% da rede particular e 30% da rede p\u00fablica.<\/p>\n<p>Os detalhes devem constar em um novo decreto a ser publicado no Di\u00e1rio Oficial do Estado (DOE), tamb\u00e9m sem data definida.<\/p>\n<p>&#8220;N\u00f3s estamos nos reunindo com nossa equipe e fazendo todos os ajustes necess\u00e1rios. Independe das quest\u00f5es de Covid-19, se for necess\u00e1rio vamos intensificar as medidas do governo, ampliar os leitos. Mas a partir do ano que vem, no dia 21 de janeiro, vamos retomar a educa\u00e7\u00e3o em Alagoas com no m\u00ednimo 50% na rede privada e 30% na rede p\u00fablica. N\u00e3o d\u00e1 mais para levarmos adiante a educa\u00e7\u00e3o paralisada. Eu estou finalizando um novo decreto, que est\u00e1 sendo muito bem pensado, inclusive com situa\u00e7\u00f5es de outros estados para retomarmos as aulas&#8221;, disse o governador.<\/p>\n<p>&#8220;N\u00f3s estamos fazendo um protocolo com toda seguran\u00e7a. N\u00e3o d\u00e1 mais para as aulas ficarem suspensas. Vou me reunir com os prefeitos, mas caso o prefeito de alguma cidade entenda que n\u00e3o se deve abrir, ent\u00e3o ele pode decidir por isso&#8221;, ponderou Renan Filho.<\/p>\n<p>Para o cumprimento do calend\u00e1rio escolar de 2020, as escolas precisam se adequar e montar um calend\u00e1rio especial para a conclus\u00e3o. Os objetivos de aprendizagem n\u00e3o alcan\u00e7ados em 2020 dever\u00e3o ser conclu\u00eddos em 2021.<\/p>\n<p>Sobre os casos de Covid-19 em Alagoas, o governado fez um balan\u00e7o positivo e disse que o estado tem todo o preparo para enfrentar a doen\u00e7a.<\/p>\n<p>&#8220;Vieram me questionar que a gripe espanhola matou muito mais gente. Mas \u00e9 claro, era outra realidade e o sistema n\u00e3o estava preparado. N\u00f3s estamos equipados para enfrentar a pandemia. Temos dois hospitais espec\u00edficos. J\u00e1 pensou se s\u00f3 tiv\u00e9ssemos o HGE, como n\u00e3o seria? Sobre as festa de fim de ano, se for necess\u00e1rio, n\u00f3s podemos endurecer, sim, os decretos para evitar a dissemina\u00e7\u00e3o desse v\u00edrus. N\u00f3s podemos involuir ou criar um novo decreto com novas exig\u00eancias&#8221;, disse o governador.<\/p>\n<p><strong>Aux\u00edlio a fam\u00edlias com baixa renda<\/strong><\/p>\n<p>O governo de Alagoas anunciou que vai assinar um termo para estabelecer um aux\u00edlio financeiro de R$ 100 para as fam\u00edlias alagoanas de baixa renda. Ser\u00e1 um benef\u00edcio independente do Bolsa Fam\u00edlia, que deve movimentar, ao todo, R$ 200 milh\u00f5es.<\/p>\n<p>&#8220;Essa verba \u00e9 destinada \u00e0s pessoas inseridas no Cad\u00danico. As fam\u00edlias com crian\u00e7as de at\u00e9 5 anos de idade receber\u00e3o um aux\u00edlio de R$ 100. Isso ser\u00e1 mais uma ajuda para essas fam\u00edlias para que possam cuidar mais das crian\u00e7as nessa primeira inf\u00e2ncia&#8221;, disse.<\/p>\n<p><strong>In\u00edcio das obras do aeroporto de Maragogi<\/strong><\/p>\n<p>O governador anunciou ainda que as obras do aeroporto de Maragogi come\u00e7am em janeiro. &#8220;J\u00e1 est\u00e1 tudo pronto e as obras do aeroporto de Maragogi come\u00e7am j\u00e1 no dia 5 de janeiro. J\u00e1 est\u00e1 tudo certo, as licita\u00e7\u00f5es e todos os tr\u00e2mites est\u00e3o tudo certo. J\u00e1 as obras do aeroporto de Arapiraca, n\u00f3s aguardamos ainda a prova\u00e7\u00e3o da ANAC [Ag\u00eancia Nacional de Avia\u00e7\u00e3o] para dar sequ\u00eancia nas licita\u00e7\u00f5es&#8221;, disse.<\/p>\n<p><strong>Leil\u00e3o da Casal para Arapiraca<\/strong><\/p>\n<p>Durante o balan\u00e7o apresentado, o governador disse ainda que o leil\u00e3o dos servi\u00e7os da Companhia de Saneamento de Alagoas (Casal) em Arapiraca deve ocorrer no primeiro semestre de 2021.<\/p>\n<p>&#8220;O servi\u00e7o de entrega de \u00e1gua em Arapiraca est\u00e1 muito ruim. Por isso, o leil\u00e3o da Casal deve ocorrer no primeiro semestre e vai ganhar quem oferecer menor tarifa ao consumidor. \u00c9 preciso ter investimentos para que haja uma boa qualidade no servi\u00e7o&#8221;, disse Renan Filho.<\/p>\n<p>&nbsp;<\/p>\n<p><strong>Fonte: G1\/AL<\/strong><\/p>\n<p>&nbsp;<\/p>\n","protected":false},"excerpt":{"rendered":"<p>O governador de Alagoas disse em entrevista coletiva nesta segunda-feira (21) que o estado est\u00e1 preparado para enfrentar os casos de Covid-19 e, se for necess\u00e1rio, pode endurecer os decretos de emerg\u00eancia para aglomera\u00e7\u00f5es e festas de fim ano. Entretanto, apesar de o estado apresentar aumento do n\u00famero de casos e mortes causadas pela doen\u00e7a, &hellip;<\/p>\n","protected":false},"author":1,"featured_media":11524,"comment_status":"open","ping_status":"open","sticky":false,"template":"","format":"standard","meta":{"_jetpack_newsletter_access":"","_jetpack_dont_email_post_to_subs":false,"_jetpack_newsletter_tier_id":0,"_jetpack_memberships_contains_paywalled_content":false,"_jetpack_memberships_contains_paid_content":false,"footnotes":""},"categories":[1],"tags":[],"class_list":["post-11523","post","type-post","status-publish","format-standard","has-post-thumbnail","hentry","category-destaque"],"jetpack_sharing_enabled":true,"jetpack_featured_media_url":"","_links":{"self":[{"href":"https:\/\/www.oparanews.com.br\/index.php\/wp-json\/wp\/v2\/posts\/11523","targetHints":{"allow":["GET"]}}],"collection":[{"href":"https:\/\/www.oparanews.com.br\/index.php\/wp-json\/wp\/v2\/posts"}],"about":[{"href":"https:\/\/www.oparanews.com.br\/index.php\/wp-json\/wp\/v2\/types\/post"}],"author":[{"embeddable":true,"href":"https:\/\/www.oparanews.com.br\/index.php\/wp-json\/wp\/v2\/users\/1"}],"replies":[{"embeddable":true,"href":"https:\/\/www.oparanews.com.br\/index.php\/wp-json\/wp\/v2\/comments?post=11523"}],"version-history":[{"count":0,"href":"https:\/\/www.oparanews.com.br\/index.php\/wp-json\/wp\/v2\/posts\/11523\/revisions"}],"wp:attachment":[{"href":"https:\/\/www.oparanews.com.br\/index.php\/wp-json\/wp\/v2\/media?parent=11523"}],"wp:term":[{"taxonomy":"category","embeddable":true,"href":"https:\/\/www.oparanews.com.br\/index.php\/wp-json\/wp\/v2\/categories?post=11523"},{"taxonomy":"post_tag","embeddable":true,"href":"https:\/\/www.oparanews.com.br\/index.php\/wp-json\/wp\/v2\/tags?post=11523"}],"curies":[{"name":"wp","href":"https:\/\/api.w.org\/{rel}","templated":true}]}}