{"id":11526,"date":"2020-12-21T15:55:12","date_gmt":"2020-12-21T15:55:12","guid":{"rendered":"https:\/\/oparanews.com.br\/?p=11526"},"modified":"2020-12-21T15:55:12","modified_gmt":"2020-12-21T15:55:12","slug":"ex-bbb-victor-hugo-e-internado-em-maceio-com-covid-19","status":"publish","type":"post","link":"https:\/\/www.oparanews.com.br\/index.php\/2020\/12\/21\/ex-bbb-victor-hugo-e-internado-em-maceio-com-covid-19\/","title":{"rendered":"Ex-BBB Victor Hugo \u00e9 internado em Macei\u00f3 com Covid-19"},"content":{"rendered":"<p>O ex-BBB Victor Hugo Teixeira est\u00e1 internado no Hospital Metropolitano de Macei\u00f3 desde o s\u00e1bado (19) com Covid-19. Seu estado de sa\u00fade \u00e9 est\u00e1vel, segundo o boletim m\u00e9dico da Secretaria de Estado da Sa\u00fade de Alagoas (Sesau).<\/p>\n<p>Nas redes sociais, ele publicou fotos dizendo que estava de f\u00e9rias em Piranhas, Sert\u00e3o de Alagoas.<\/p>\n<p>Segundo a Sesau, o psic\u00f3logo Victor procurou atendimento na Unidade de Pronto Atendimento (UPA) do Tabuleiro, parte alta da cidade, ap\u00f3s apresentar sintomas da doen\u00e7a.<\/p>\n<p>Ele foi transferido para o Hospital Metropolitano, onde um exame confirmou que ele est\u00e1 com Covid-19. Victor segue internado em um ala exclusiva para tratamento da doen\u00e7a.<\/p>\n<p>Victor Hugo participou, recentemente, de uma live de Lucas Guimar\u00e3es com Carlinhos Maia e se reuniu com outros participantes do Big Brother Brasil (BBB) como Daniel Lenhardt, Gui Napolitano e Gabi Martins.<\/p>\n<p>Victor Hugo tem 25 anos e \u00e9 natural de Imperatriz, interior do Maranh\u00e3o. Teve uma inf\u00e2ncia t\u00edmida, acompanhando os shows da banda de forr\u00f3 dos pais, mas logo que come\u00e7ou a atuar ao lado deles como backing vocal a timidez ficou no passado. J\u00e1 adulto, mudou-se para S\u00e3o Paulo, onde mora atualmente, para estudar. Hoje \u00e9 psic\u00f3logo e cientista da \u00e1rea de sa\u00fade p\u00fablica.<\/p>\n<p>&nbsp;<\/p>\n<p><strong>Fonte: G1\/AL<\/strong><\/p>\n<p>&nbsp;<\/p>\n","protected":false},"excerpt":{"rendered":"<p>O ex-BBB Victor Hugo Teixeira est\u00e1 internado no Hospital Metropolitano de Macei\u00f3 desde o s\u00e1bado (19) com Covid-19. Seu estado de sa\u00fade \u00e9 est\u00e1vel, segundo o boletim m\u00e9dico da Secretaria de Estado da Sa\u00fade de Alagoas (Sesau). Nas redes sociais, ele publicou fotos dizendo que estava de f\u00e9rias em Piranhas, Sert\u00e3o de Alagoas. Segundo a &hellip;<\/p>\n","protected":false},"author":1,"featured_media":11527,"comment_status":"open","ping_status":"open","sticky":false,"template":"","format":"standard","meta":{"_jetpack_newsletter_access":"","_jetpack_dont_email_post_to_subs":false,"_jetpack_newsletter_tier_id":0,"_jetpack_memberships_contains_paywalled_content":false,"_jetpack_memberships_contains_paid_content":false,"footnotes":""},"categories":[1],"tags":[],"class_list":["post-11526","post","type-post","status-publish","format-standard","has-post-thumbnail","hentry","category-destaque"],"jetpack_sharing_enabled":true,"jetpack_featured_media_url":"","_links":{"self":[{"href":"https:\/\/www.oparanews.com.br\/index.php\/wp-json\/wp\/v2\/posts\/11526","targetHints":{"allow":["GET"]}}],"collection":[{"href":"https:\/\/www.oparanews.com.br\/index.php\/wp-json\/wp\/v2\/posts"}],"about":[{"href":"https:\/\/www.oparanews.com.br\/index.php\/wp-json\/wp\/v2\/types\/post"}],"author":[{"embeddable":true,"href":"https:\/\/www.oparanews.com.br\/index.php\/wp-json\/wp\/v2\/users\/1"}],"replies":[{"embeddable":true,"href":"https:\/\/www.oparanews.com.br\/index.php\/wp-json\/wp\/v2\/comments?post=11526"}],"version-history":[{"count":0,"href":"https:\/\/www.oparanews.com.br\/index.php\/wp-json\/wp\/v2\/posts\/11526\/revisions"}],"wp:attachment":[{"href":"https:\/\/www.oparanews.com.br\/index.php\/wp-json\/wp\/v2\/media?parent=11526"}],"wp:term":[{"taxonomy":"category","embeddable":true,"href":"https:\/\/www.oparanews.com.br\/index.php\/wp-json\/wp\/v2\/categories?post=11526"},{"taxonomy":"post_tag","embeddable":true,"href":"https:\/\/www.oparanews.com.br\/index.php\/wp-json\/wp\/v2\/tags?post=11526"}],"curies":[{"name":"wp","href":"https:\/\/api.w.org\/{rel}","templated":true}]}}