{"id":11532,"date":"2020-12-21T19:05:46","date_gmt":"2020-12-21T19:05:46","guid":{"rendered":"https:\/\/oparanews.com.br\/?p=11532"},"modified":"2020-12-21T19:05:46","modified_gmt":"2020-12-21T19:05:46","slug":"alagoas-confirma-mais-7-mortes-por-covid-19-total-chega-a-2-417","status":"publish","type":"post","link":"https:\/\/www.oparanews.com.br\/index.php\/2020\/12\/21\/alagoas-confirma-mais-7-mortes-por-covid-19-total-chega-a-2-417\/","title":{"rendered":"Alagoas confirma mais 7 mortes por Covid-19; total chega a 2.417"},"content":{"rendered":"<p>Alagoas confirmou 158 novos casos e mais sete mortes por Covid-19, segundo o boletim epidemiol\u00f3gico da Secretaria de Estado da Sa\u00fade (Sesau) desta segunda-feira (21). Somando esses novos n\u00fameros com os anteriores, o estado tem ao todo 101.443 casos confirmados e 2.417 \u00f3bitos de pessoas que foram infectadas pelo novo coronav\u00edrus.<\/p>\n<p>O total de casos suspeitos \u00e9 9.685. H\u00e1 ainda 1.876 pessoas que receberam a confirma\u00e7\u00e3o da doen\u00e7a e est\u00e3o em isolamento domiciliar.<\/p>\n<p>Do total de infectados desde o come\u00e7o da pandemia, 96.913 se recuperaram.<\/p>\n<p>Das sete mortes registrados, tr\u00eas foram de moradores de Macei\u00f3.<\/p>\n<p>At\u00e9 a noite de domingo (20), a taxa de ocupa\u00e7\u00e3o de leitos para pacientes com suspeita ou confirma\u00e7\u00e3o de infec\u00e7\u00e3o pelo novo coronav\u00edrus estava em 35%. Considerando apenas os leitos de UTI, a ocupa\u00e7\u00e3o estava em 48%.<\/p>\n<p><strong>Mais sete mortes por Covid-19<\/strong><\/p>\n<p>Macei\u00f3: Homem, 65 anos \u2013 doen\u00e7a cardiovascular cr\u00f4nica<br \/>\nMacei\u00f3: Mulher, 104 anos \u2013 sem comorbidades<br \/>\nMacei\u00f3: Mulher, 68 anos \u2013 doen\u00e7a cardiovascular cr\u00f4nica<br \/>\nS\u00e3o Miguel dos Campos: Homem, 44 anos \u2013 tabagista<br \/>\nTeot\u00f4nio Vilela: Homem, 45 anos \u2013 pneumatopia cr\u00f4nica<br \/>\nIgreja Nova: Mulher, 57 anos \u2013 hipertensa e diab\u00e9tica<br \/>\nP\u00e3o de A\u00e7\u00facar: Mulher, 62 anos \u2013 doen\u00e7a cardiovascular<\/p>\n<p>&nbsp;<\/p>\n<p><strong>Fonte: G1\/AL<\/strong><\/p>\n<p>&nbsp;<\/p>\n","protected":false},"excerpt":{"rendered":"<p>Alagoas confirmou 158 novos casos e mais sete mortes por Covid-19, segundo o boletim epidemiol\u00f3gico da Secretaria de Estado da Sa\u00fade (Sesau) desta segunda-feira (21). Somando esses novos n\u00fameros com os anteriores, o estado tem ao todo 101.443 casos confirmados e 2.417 \u00f3bitos de pessoas que foram infectadas pelo novo coronav\u00edrus. O total de casos &hellip;<\/p>\n","protected":false},"author":1,"featured_media":10287,"comment_status":"open","ping_status":"open","sticky":false,"template":"","format":"standard","meta":{"_jetpack_newsletter_access":"","_jetpack_dont_email_post_to_subs":false,"_jetpack_newsletter_tier_id":0,"_jetpack_memberships_contains_paywalled_content":false,"_jetpack_memberships_contains_paid_content":false,"footnotes":""},"categories":[1],"tags":[],"class_list":["post-11532","post","type-post","status-publish","format-standard","has-post-thumbnail","hentry","category-destaque"],"jetpack_sharing_enabled":true,"jetpack_featured_media_url":"","_links":{"self":[{"href":"https:\/\/www.oparanews.com.br\/index.php\/wp-json\/wp\/v2\/posts\/11532","targetHints":{"allow":["GET"]}}],"collection":[{"href":"https:\/\/www.oparanews.com.br\/index.php\/wp-json\/wp\/v2\/posts"}],"about":[{"href":"https:\/\/www.oparanews.com.br\/index.php\/wp-json\/wp\/v2\/types\/post"}],"author":[{"embeddable":true,"href":"https:\/\/www.oparanews.com.br\/index.php\/wp-json\/wp\/v2\/users\/1"}],"replies":[{"embeddable":true,"href":"https:\/\/www.oparanews.com.br\/index.php\/wp-json\/wp\/v2\/comments?post=11532"}],"version-history":[{"count":0,"href":"https:\/\/www.oparanews.com.br\/index.php\/wp-json\/wp\/v2\/posts\/11532\/revisions"}],"wp:attachment":[{"href":"https:\/\/www.oparanews.com.br\/index.php\/wp-json\/wp\/v2\/media?parent=11532"}],"wp:term":[{"taxonomy":"category","embeddable":true,"href":"https:\/\/www.oparanews.com.br\/index.php\/wp-json\/wp\/v2\/categories?post=11532"},{"taxonomy":"post_tag","embeddable":true,"href":"https:\/\/www.oparanews.com.br\/index.php\/wp-json\/wp\/v2\/tags?post=11532"}],"curies":[{"name":"wp","href":"https:\/\/api.w.org\/{rel}","templated":true}]}}