{"id":11534,"date":"2020-12-22T12:41:33","date_gmt":"2020-12-22T12:41:33","guid":{"rendered":"https:\/\/oparanews.com.br\/?p=11534"},"modified":"2020-12-22T12:41:33","modified_gmt":"2020-12-22T12:41:33","slug":"marcelo-crivella-prefeito-do-rio-e-preso-por-corrupcao","status":"publish","type":"post","link":"https:\/\/www.oparanews.com.br\/index.php\/2020\/12\/22\/marcelo-crivella-prefeito-do-rio-e-preso-por-corrupcao\/","title":{"rendered":"Marcelo Crivella, prefeito do Rio, \u00e9 preso por corrup\u00e7\u00e3o"},"content":{"rendered":"<p>RIO &#8211; O Minist\u00e9rio P\u00fablico do Rio e a Pol\u00edcia Civil fluminense prenderam na manh\u00e3 desta ter\u00e7a, 22, o prefeito do Rio, Marcelo Crivella (Republicanos). Ex-senador, ex-ministro da Pesca no governo Dilma Rousseff e bispo licenciado da Igreja Universal do Reino de Deus, Crivella \u00e9 acusado de participa\u00e7\u00e3o em um esquema de corrup\u00e7\u00e3o na prefeitura do Rio, conhecido como &#8220;QG da Propina&#8221;. O prefeito foi detido por policiais em casa, a nove dias do encerramento do mandato.<\/p>\n<p>Na mesma opera\u00e7\u00e3o, foram presos o empres\u00e1rio Rafael Alves e o delegado aposentado Fernando Moraes, ex-vereador e que foi chefe da Divis\u00e3o Antissequestro. O ex-senador Eduardo Lopes tamb\u00e9m \u00e9 alvo da a\u00e7\u00e3o, mas n\u00e3o foi encontrado.<\/p>\n<p>&#8220;Lutei contra o ped\u00e1gio ilegal, tirei recursos do carnaval, negociei o VLT, fui o governo que mais atuou contra a corrup\u00e7\u00e3o no Rio de Janeiro&#8221;, declarou Crivella, ao chegar \u00e0 Cidade da Pol\u00edcia, no bairro do Jacarezinho, na zona norte do Rio, em r\u00e1pida coletiva, pouco ap\u00f3s as 6h30. Ele atribuiu a pris\u00e3o a suposta &#8220;persegui\u00e7\u00e3o pol\u00edtica&#8221; e disse esperar &#8220;justi\u00e7a&#8221;.<\/p>\n<p>As pris\u00f5es s\u00e3o desdobramento da Opera\u00e7\u00e3o Hades. A investiga\u00e7\u00e3o come\u00e7ou em 2018. Segundo o MP do Rio, Alves receberia propina de empresas para, em troca, facilitar a assinatura de contratos e o pagamento de d\u00edvidas no Executivo municipal. Ele \u00e9 irm\u00e3o de Marcelo Alves, que foi presidente da Riotur. Os desvios seriam operados por um suposto &#8220;QG da Propina&#8221;.<\/p>\n<p>Na campanha pela reelei\u00e7\u00e3o, sobretudo no segundo turno, Crivella teve no combate \u00e0 corrup\u00e7\u00e3o uma de suas bandeiras priorit\u00e1rias. Ele reafirmava que seu advers\u00e1rio Eduardo Paes (DEM), que o derrotou, iria para a cadeia, por corrup\u00e7\u00e3o durante seus dois mandatos na prefeitura, de 2009 a 2016.<\/p>\n<p>&#8220;Eu j\u00e1 estive aqui em debates como esses, contra pessoas do grupo do Eduardo (Paes), como (os ex-governadores) S\u00e9rgio Cabral e Luiz Fernando Pez\u00e3o. A elei\u00e7\u00e3o parecia a mesma, com campanha riqu\u00edssima, Ibope disparado, e eles ganharam a elei\u00e7\u00e3o. Mas, eu pergunto: ganharam mesmo? N\u00e3o, eles foram presos. A mesma coisa vai acontecer agora. Eduardo Paes vai ser preso e digo isso com cora\u00e7\u00e3o partido, porque ele cometeu os mesmos erros que Cabral e Pez\u00e3o&#8221;, afirmou Crivella em debate da Globo realizado em 27 de novembro.<\/p>\n<p>Paes se manifestou ap\u00f3s a pris\u00e3o de Crivella, ainda no come\u00e7o da manh\u00e3 desta ter\u00e7a. Em uma publica\u00e7\u00e3o no Twitter, o prefeito eleito do Rio disse que conversou com o presidente da C\u00e2mara de Vereadores, Jorge Felippe (DEM), para que &#8220;mobilizasse os dirigentes municipais para continuar conduzindo suas obriga\u00e7\u00f5es e atendendo a popula\u00e7\u00e3o&#8221;. O futuro mandat\u00e1rio tamb\u00e9m diz que o trabalho de transi\u00e7\u00e3o deve continuar.<\/p>\n<p>Com o afastamento de Crivella da prefeitura, o primeiro na linha sucess\u00f3ria \u00e9 Jorge Felippe, uma vez que o vice na chapa vencedora em 2016, Fernando Mac Dowell, faleceu em 2018 v\u00edtima de um infarto.<\/p>\n<p>Ainda sobre a elei\u00e7\u00e3o de 2020, Crivella teve o apoio do presidente Jair Bolsonaro. A alian\u00e7a foi mais forte no primeiro turno, quando o prefeito, que concorria \u00e0 reelei\u00e7\u00e3o, chegou a dedicar a imagens do presidente a maior parte de seu programa de televis\u00e3o na campanha. No segundo turno, por\u00e9m, Bolsonaro n\u00e3o gravou v\u00eddeo de apoio a Crivella, embora mencionasse o apoio. A aproxima\u00e7\u00e3o foi marcada pela filia\u00e7\u00e3o do senador Fl\u00e1vio Bolsonaro e do vereador Carlos Bolsonaro ao Republicanos, partido de Crivella.<\/p>\n<p>Em setembro, a bancada do Psol na C\u00e2mara Municipal do Rio entrou com um pedido de impeachment contra Crivella com base na Opera\u00e7\u00e3o Hades. O pedido foi rejeitado pelos vereadores, por 24 votos a 20. Durante o mandato, Crivella foi alvo de cinco processos de afastamento, dos quais a abertura de quatro foram rejeitados.<\/p>\n<p>&nbsp;<\/p>\n<p><strong>Fonte: Terra<\/strong><\/p>\n<p>&nbsp;<\/p>\n","protected":false},"excerpt":{"rendered":"<p>RIO &#8211; O Minist\u00e9rio P\u00fablico do Rio e a Pol\u00edcia Civil fluminense prenderam na manh\u00e3 desta ter\u00e7a, 22, o prefeito do Rio, Marcelo Crivella (Republicanos). Ex-senador, ex-ministro da Pesca no governo Dilma Rousseff e bispo licenciado da Igreja Universal do Reino de Deus, Crivella \u00e9 acusado de participa\u00e7\u00e3o em um esquema de corrup\u00e7\u00e3o na prefeitura &hellip;<\/p>\n","protected":false},"author":1,"featured_media":11535,"comment_status":"open","ping_status":"open","sticky":false,"template":"","format":"standard","meta":{"_jetpack_newsletter_access":"","_jetpack_dont_email_post_to_subs":false,"_jetpack_newsletter_tier_id":0,"_jetpack_memberships_contains_paywalled_content":false,"_jetpack_memberships_contains_paid_content":false,"footnotes":""},"categories":[1],"tags":[],"class_list":["post-11534","post","type-post","status-publish","format-standard","has-post-thumbnail","hentry","category-destaque"],"jetpack_sharing_enabled":true,"jetpack_featured_media_url":"","_links":{"self":[{"href":"https:\/\/www.oparanews.com.br\/index.php\/wp-json\/wp\/v2\/posts\/11534","targetHints":{"allow":["GET"]}}],"collection":[{"href":"https:\/\/www.oparanews.com.br\/index.php\/wp-json\/wp\/v2\/posts"}],"about":[{"href":"https:\/\/www.oparanews.com.br\/index.php\/wp-json\/wp\/v2\/types\/post"}],"author":[{"embeddable":true,"href":"https:\/\/www.oparanews.com.br\/index.php\/wp-json\/wp\/v2\/users\/1"}],"replies":[{"embeddable":true,"href":"https:\/\/www.oparanews.com.br\/index.php\/wp-json\/wp\/v2\/comments?post=11534"}],"version-history":[{"count":0,"href":"https:\/\/www.oparanews.com.br\/index.php\/wp-json\/wp\/v2\/posts\/11534\/revisions"}],"wp:attachment":[{"href":"https:\/\/www.oparanews.com.br\/index.php\/wp-json\/wp\/v2\/media?parent=11534"}],"wp:term":[{"taxonomy":"category","embeddable":true,"href":"https:\/\/www.oparanews.com.br\/index.php\/wp-json\/wp\/v2\/categories?post=11534"},{"taxonomy":"post_tag","embeddable":true,"href":"https:\/\/www.oparanews.com.br\/index.php\/wp-json\/wp\/v2\/tags?post=11534"}],"curies":[{"name":"wp","href":"https:\/\/api.w.org\/{rel}","templated":true}]}}