{"id":11545,"date":"2020-12-22T19:33:21","date_gmt":"2020-12-22T19:33:21","guid":{"rendered":"https:\/\/oparanews.com.br\/?p=11545"},"modified":"2020-12-22T19:33:21","modified_gmt":"2020-12-22T19:33:21","slug":"semclej-penedo-divulga-lista-de-inscricoes-deferidas-dos-editais-da-lei-aldir-blanc","status":"publish","type":"post","link":"https:\/\/www.oparanews.com.br\/index.php\/2020\/12\/22\/semclej-penedo-divulga-lista-de-inscricoes-deferidas-dos-editais-da-lei-aldir-blanc\/","title":{"rendered":"SEMCLEJ Penedo divulga lista de inscri\u00e7\u00f5es deferidas dos editais da Lei Aldir Blanc"},"content":{"rendered":"<p>A Secretaria Municipal de Cultura, Lazer, Esporte e Juventude (SEMCLEJ) da Prefeitura de Penedo publicou no Di\u00e1rio Oficial do Munic\u00edpio a lista de inscri\u00e7\u00f5es deferidas, todas referentes aos editais do aux\u00edlio emergencial previsto na Lei Aldir Blanc.<\/p>\n<p>As inscri\u00e7\u00f5es de artistas, respons\u00e1veis por espa\u00e7os culturais, trabalhadores da cultura, espa\u00e7os e entidades culturais foram analisadas pela Comiss\u00e3o Especial de Avalia\u00e7\u00e3o T\u00e9cnica, conforme previsto em decreto que regulamentou a concess\u00e3o do aux\u00edlio federal pela Prefeitura de Penedo.<\/p>\n<p>No total ser\u00e3o contemplados 74 pessoas, grupos ou espa\u00e7os culturais de Penedo; sendo 20 pessoas jur\u00eddicas referentes ao Edital de Chamada P\u00fablica para cadastros de espa\u00e7os e equipamentos culturais; e 54 referentes ao Pr\u00eamio Francisco Alberto Sales, sendo 52 pessoas f\u00edsicas e 02 pessoas jur\u00eddicas.<\/p>\n<p>De acordo com a SEMCLEJ Penedo, as inscri\u00e7\u00f5es foram deferidas ou indeferidas ap\u00f3s a an\u00e1lise e confer\u00eancia dos documentos exigidos e entregues pelos proponentes, sendo realizada pela comiss\u00e3o respons\u00e1vel composta por cinco membros nomeados por meio do decreto municipal n\u00ba 709\/2020 e publicada no Di\u00e1rio Oficial do Munic\u00edpio .<\/p>\n<p>Das vinte inscri\u00e7\u00f5es do edital 001\/2020 de Espa\u00e7os Culturais, 20 (vinte) foram deferidas e nenhuma indeferida. J\u00e1 as inscri\u00e7\u00f5es do edital 002\/2020 \u2013 Pr\u00eamio Francisco Alberto Sales ocorreram 112 inscri\u00e7\u00f5es, com 54 deferimentos e 58 indeferimentos.<\/p>\n<p>A publica\u00e7\u00e3o da SEMCLEJ Penedo pode ser acessada por meio do seguinte link.<\/p>\n<p>A Secretaria Municipal de Cultura, Lazer, Esporte e Juventude da Prefeitura de Penedo tamb\u00e9m informa o prazo para recurso, podendo ser apresentando presencialmente, na Casa de Aposentadoria nesta ter\u00e7a-feira (22) e quarta-feira (23) das 8h \u00e0s 13h, ou por meio do e-mail secturpenedo@gmail.com.<\/p>\n<p>&nbsp;<\/p>\n<p><strong>por Thiago Sobral &#8211; Decom (PMP)<\/strong><\/p>\n<p>&nbsp;<\/p>\n","protected":false},"excerpt":{"rendered":"<p>A Secretaria Municipal de Cultura, Lazer, Esporte e Juventude (SEMCLEJ) da Prefeitura de Penedo publicou no Di\u00e1rio Oficial do Munic\u00edpio a lista de inscri\u00e7\u00f5es deferidas, todas referentes aos editais do aux\u00edlio emergencial previsto na Lei Aldir Blanc. As inscri\u00e7\u00f5es de artistas, respons\u00e1veis por espa\u00e7os culturais, trabalhadores da cultura, espa\u00e7os e entidades culturais foram analisadas pela &hellip;<\/p>\n","protected":false},"author":1,"featured_media":11546,"comment_status":"open","ping_status":"open","sticky":false,"template":"","format":"standard","meta":{"_jetpack_newsletter_access":"","_jetpack_dont_email_post_to_subs":false,"_jetpack_newsletter_tier_id":0,"_jetpack_memberships_contains_paywalled_content":false,"_jetpack_memberships_contains_paid_content":false,"footnotes":""},"categories":[1],"tags":[],"class_list":["post-11545","post","type-post","status-publish","format-standard","has-post-thumbnail","hentry","category-destaque"],"jetpack_sharing_enabled":true,"jetpack_featured_media_url":"","_links":{"self":[{"href":"https:\/\/www.oparanews.com.br\/index.php\/wp-json\/wp\/v2\/posts\/11545","targetHints":{"allow":["GET"]}}],"collection":[{"href":"https:\/\/www.oparanews.com.br\/index.php\/wp-json\/wp\/v2\/posts"}],"about":[{"href":"https:\/\/www.oparanews.com.br\/index.php\/wp-json\/wp\/v2\/types\/post"}],"author":[{"embeddable":true,"href":"https:\/\/www.oparanews.com.br\/index.php\/wp-json\/wp\/v2\/users\/1"}],"replies":[{"embeddable":true,"href":"https:\/\/www.oparanews.com.br\/index.php\/wp-json\/wp\/v2\/comments?post=11545"}],"version-history":[{"count":0,"href":"https:\/\/www.oparanews.com.br\/index.php\/wp-json\/wp\/v2\/posts\/11545\/revisions"}],"wp:attachment":[{"href":"https:\/\/www.oparanews.com.br\/index.php\/wp-json\/wp\/v2\/media?parent=11545"}],"wp:term":[{"taxonomy":"category","embeddable":true,"href":"https:\/\/www.oparanews.com.br\/index.php\/wp-json\/wp\/v2\/categories?post=11545"},{"taxonomy":"post_tag","embeddable":true,"href":"https:\/\/www.oparanews.com.br\/index.php\/wp-json\/wp\/v2\/tags?post=11545"}],"curies":[{"name":"wp","href":"https:\/\/api.w.org\/{rel}","templated":true}]}}