{"id":11548,"date":"2020-12-22T19:36:15","date_gmt":"2020-12-22T19:36:15","guid":{"rendered":"https:\/\/oparanews.com.br\/?p=11548"},"modified":"2020-12-22T19:36:15","modified_gmt":"2020-12-22T19:36:15","slug":"luxemburgo-tem-alta-apos-testar-positivo-pela-2a-vez","status":"publish","type":"post","link":"https:\/\/www.oparanews.com.br\/index.php\/2020\/12\/22\/luxemburgo-tem-alta-apos-testar-positivo-pela-2a-vez\/","title":{"rendered":"Luxemburgo tem alta ap\u00f3s testar positivo pela 2\u00aa vez"},"content":{"rendered":"<p>Oito dias ap\u00f3s ser internado no Hospital S\u00edrio-Liban\u00eas, em S\u00e3o Paulo, diagnosticado com covid-19, o t\u00e9cnico Vanderlei Luxemburgo, de 68 anos, recebeu alta, nesta ter\u00e7a-feira. O treinador, que est\u00e1 sem clube depois de ser demitido do Palmeiras em outubro, gravou um v\u00eddeo nas redes sociais e agradeceu o tratamento recebido e o carinho de amigos e f\u00e3s.<\/p>\n<p>&#8220;Estou indo para casa. Recebi alta, gra\u00e7as a Deus. Passei por essa, vencemos o v\u00edrus. Vara de marmelo. Enverga, mas n\u00e3o quebra&#8221;, disse Luxemburgo, ainda bastante rouco e com certa dificuldade para falar. &#8220;Obrigado pelo carinho, afeto e pela ora\u00e7\u00f5es por mim&#8221;.<\/p>\n<p>O treinador foi internado no dia 14, ap\u00f3s testar positivo pela segunda vez para o novo coronav\u00edrus. Em julho, quando ainda comandava o Palmeiras, ele teve a doen\u00e7a na forma assintom\u00e1tica e se recuperou em casa. Desta vez, ele se queixou de mal estar, teve febre, revelou que sentiu dificuldade para respirar em alguns momentos e precisou receber atendimento m\u00e9dico. Na \u00faltima sexta-feira, o t\u00e9cnico j\u00e1 havia dito que estava melhor e que deixaria o hospital logo.<\/p>\n<p>Luxemburgo est\u00e1 sem clube desde que foi demitido do Palmeiras em outubro. O clube trouxe para a vaga dele o portugu\u00eas Abel Ferreira, que tamb\u00e9m teve a covid-19 e se recuperou recentemente. Fora do futebol, o experiente treinador alterna a rotina entre S\u00e3o Paulo e Rio de Janeiro, al\u00e9m de cuidar de investimentos. Um dos empreendimentos que tem \u00e9 uma emissora de TV no Tocantins.<\/p>\n<p>&nbsp;<\/p>\n<p><strong>Fonte: Terra<\/strong><\/p>\n<p>&nbsp;<\/p>\n","protected":false},"excerpt":{"rendered":"<p>Oito dias ap\u00f3s ser internado no Hospital S\u00edrio-Liban\u00eas, em S\u00e3o Paulo, diagnosticado com covid-19, o t\u00e9cnico Vanderlei Luxemburgo, de 68 anos, recebeu alta, nesta ter\u00e7a-feira. O treinador, que est\u00e1 sem clube depois de ser demitido do Palmeiras em outubro, gravou um v\u00eddeo nas redes sociais e agradeceu o tratamento recebido e o carinho de amigos &hellip;<\/p>\n","protected":false},"author":1,"featured_media":11549,"comment_status":"open","ping_status":"open","sticky":false,"template":"","format":"standard","meta":{"_jetpack_newsletter_access":"","_jetpack_dont_email_post_to_subs":false,"_jetpack_newsletter_tier_id":0,"_jetpack_memberships_contains_paywalled_content":false,"_jetpack_memberships_contains_paid_content":false,"footnotes":""},"categories":[1],"tags":[],"class_list":["post-11548","post","type-post","status-publish","format-standard","has-post-thumbnail","hentry","category-destaque"],"jetpack_sharing_enabled":true,"jetpack_featured_media_url":"","_links":{"self":[{"href":"https:\/\/www.oparanews.com.br\/index.php\/wp-json\/wp\/v2\/posts\/11548","targetHints":{"allow":["GET"]}}],"collection":[{"href":"https:\/\/www.oparanews.com.br\/index.php\/wp-json\/wp\/v2\/posts"}],"about":[{"href":"https:\/\/www.oparanews.com.br\/index.php\/wp-json\/wp\/v2\/types\/post"}],"author":[{"embeddable":true,"href":"https:\/\/www.oparanews.com.br\/index.php\/wp-json\/wp\/v2\/users\/1"}],"replies":[{"embeddable":true,"href":"https:\/\/www.oparanews.com.br\/index.php\/wp-json\/wp\/v2\/comments?post=11548"}],"version-history":[{"count":0,"href":"https:\/\/www.oparanews.com.br\/index.php\/wp-json\/wp\/v2\/posts\/11548\/revisions"}],"wp:attachment":[{"href":"https:\/\/www.oparanews.com.br\/index.php\/wp-json\/wp\/v2\/media?parent=11548"}],"wp:term":[{"taxonomy":"category","embeddable":true,"href":"https:\/\/www.oparanews.com.br\/index.php\/wp-json\/wp\/v2\/categories?post=11548"},{"taxonomy":"post_tag","embeddable":true,"href":"https:\/\/www.oparanews.com.br\/index.php\/wp-json\/wp\/v2\/tags?post=11548"}],"curies":[{"name":"wp","href":"https:\/\/api.w.org\/{rel}","templated":true}]}}