{"id":11555,"date":"2020-12-23T01:21:40","date_gmt":"2020-12-23T01:21:40","guid":{"rendered":"https:\/\/oparanews.com.br\/?p=11555"},"modified":"2020-12-23T01:21:40","modified_gmt":"2020-12-23T01:21:40","slug":"media-movel-de-mortes-por-covid-19-em-alagoas-atinge-alta-de-116","status":"publish","type":"post","link":"https:\/\/www.oparanews.com.br\/index.php\/2020\/12\/23\/media-movel-de-mortes-por-covid-19-em-alagoas-atinge-alta-de-116\/","title":{"rendered":"M\u00e9dia m\u00f3vel de mortes por Covid-19 em Alagoas atinge alta de 116%"},"content":{"rendered":"<p>A m\u00e9dia m\u00f3vel de mortes pela Covid-19 continua subindo em Alagoas e atingiu a taxa de +116%, segundo o cons\u00f3rcio de ve\u00edculos de imprensa, que divulgou \u00e0s 20h desta ter\u00e7a-feira (22) o novo levantamento da situa\u00e7\u00e3o da pandemia do coronav\u00edrus no Brasil, a partir de dados das secretarias estaduais de Sa\u00fade.<\/p>\n<p>O Brasil registra a m\u00e9dia m\u00f3vel mais alta desde 17 de setembro. S\u00e3o 188.285 \u00f3bitos e 7.320.020 casos de Covid-19 desde o in\u00edcio da pandemia.<\/p>\n<p>A taxa de mortes em Alagoas apresentou queda durante quase dois meses, entrou em estabilidade e h\u00e1 duas semanas chegou ao patamar de alta.<\/p>\n<p>Com a crescente transmiss\u00e3o do coronav\u00edrus, 101.745 pessoas foram infectadas no estado e 2.425 morreram at\u00e9 ter\u00e7a-feira (22).<\/p>\n<p>De acordo com o \u00faltimo boletim epidemiol\u00f3gico da Secretaria de Estado da Sa\u00fade (Sesau), Alagoas registrou 302 novos casos de Covid-19 nas \u00faltimas 24 horas.<\/p>\n<p>O Observat\u00f3rio Alagoano de Pol\u00edticas P\u00fablicas para o Enfrentamento da Covid-19, da Universidade Federal de Alagoas, divulgou nesta segunda-feira (21) o relat\u00f3rio da 51\u00aa Semana Epidemiol\u00f3gica (de 13 a 19 de dezembro) confirmando a segunda onda de casos de Covid-19 em Alagoas.<\/p>\n<p>Para saber a tend\u00eancia, \u00e9 preciso calcular a varia\u00e7\u00e3o percentual das m\u00e9dias m\u00f3veis em um intervalo de 14 dias. Por exemplo, a m\u00e9dia m\u00f3vel do dia 14 ser\u00e1 comparada com a m\u00e9dia m\u00f3vel do dia 1\u00ba.<\/p>\n<p>Se este percentual for de at\u00e9 15%, \u00e9 considerado est\u00e1vel. Se for acima de 15% positivos, est\u00e1 em crescimento. Se for mais de 15% negativos, est\u00e1 em queda.<\/p>\n<p>&nbsp;<\/p>\n<p><strong>Fonte: G1\/AL<\/strong><\/p>\n<p>&nbsp;<\/p>\n","protected":false},"excerpt":{"rendered":"<p>A m\u00e9dia m\u00f3vel de mortes pela Covid-19 continua subindo em Alagoas e atingiu a taxa de +116%, segundo o cons\u00f3rcio de ve\u00edculos de imprensa, que divulgou \u00e0s 20h desta ter\u00e7a-feira (22) o novo levantamento da situa\u00e7\u00e3o da pandemia do coronav\u00edrus no Brasil, a partir de dados das secretarias estaduais de Sa\u00fade. O Brasil registra a &hellip;<\/p>\n","protected":false},"author":1,"featured_media":11556,"comment_status":"closed","ping_status":"closed","sticky":false,"template":"","format":"standard","meta":{"_jetpack_newsletter_access":"","_jetpack_dont_email_post_to_subs":false,"_jetpack_newsletter_tier_id":0,"_jetpack_memberships_contains_paywalled_content":false,"_jetpack_memberships_contains_paid_content":false,"footnotes":""},"categories":[1],"tags":[],"class_list":["post-11555","post","type-post","status-publish","format-standard","has-post-thumbnail","hentry","category-destaque"],"jetpack_sharing_enabled":true,"jetpack_featured_media_url":"","_links":{"self":[{"href":"https:\/\/www.oparanews.com.br\/index.php\/wp-json\/wp\/v2\/posts\/11555","targetHints":{"allow":["GET"]}}],"collection":[{"href":"https:\/\/www.oparanews.com.br\/index.php\/wp-json\/wp\/v2\/posts"}],"about":[{"href":"https:\/\/www.oparanews.com.br\/index.php\/wp-json\/wp\/v2\/types\/post"}],"author":[{"embeddable":true,"href":"https:\/\/www.oparanews.com.br\/index.php\/wp-json\/wp\/v2\/users\/1"}],"replies":[{"embeddable":true,"href":"https:\/\/www.oparanews.com.br\/index.php\/wp-json\/wp\/v2\/comments?post=11555"}],"version-history":[{"count":0,"href":"https:\/\/www.oparanews.com.br\/index.php\/wp-json\/wp\/v2\/posts\/11555\/revisions"}],"wp:attachment":[{"href":"https:\/\/www.oparanews.com.br\/index.php\/wp-json\/wp\/v2\/media?parent=11555"}],"wp:term":[{"taxonomy":"category","embeddable":true,"href":"https:\/\/www.oparanews.com.br\/index.php\/wp-json\/wp\/v2\/categories?post=11555"},{"taxonomy":"post_tag","embeddable":true,"href":"https:\/\/www.oparanews.com.br\/index.php\/wp-json\/wp\/v2\/tags?post=11555"}],"curies":[{"name":"wp","href":"https:\/\/api.w.org\/{rel}","templated":true}]}}