{"id":11558,"date":"2020-12-23T01:24:52","date_gmt":"2020-12-23T01:24:52","guid":{"rendered":"https:\/\/oparanews.com.br\/?p=11558"},"modified":"2020-12-23T01:24:52","modified_gmt":"2020-12-23T01:24:52","slug":"butantan-apresentara-informacoes-sobre-a-coronavac-nesta-4a","status":"publish","type":"post","link":"https:\/\/www.oparanews.com.br\/index.php\/2020\/12\/23\/butantan-apresentara-informacoes-sobre-a-coronavac-nesta-4a\/","title":{"rendered":"Butantan apresentar\u00e1 informa\u00e7\u00f5es sobre a CoronaVac nesta 4\u00aa"},"content":{"rendered":"<p>O diretor do Instituto Butantan, Dimas Covas, e o secret\u00e1rio de Sa\u00fade de S\u00e3o Paulo, Jean Gorinchteyn, v\u00e3o apresentar na quarta-feira, \u00e0s 16h, informa\u00e7\u00f5es sobre a conclus\u00e3o do estudo cl\u00ednico da CoronaVac e sua efic\u00e1cia, informou o governo paulista nesta ter\u00e7a-feira, com expectativa de an\u00fancio de que a vacina \u00e9 eficaz contra o coronav\u00edrus.<\/p>\n<p>A CoronaVac, desenvolvida pela chinesa Sinovac e testada no Brasil pelo Butantan, demonstrou ter efic\u00e1cia no teste de fase 3 realizado no Brasil, segundo reportagem do Wall Street Journal na segunda-feira, citando pessoas envolvidas com o desenvolvimento do imunizante.<\/p>\n<p>Depois de adiar por duas vezes o an\u00fancio do resultado da efic\u00e1cia da vacina, o Butantan marcou para quarta-feira a divulga\u00e7\u00e3o do grau de efic\u00e1cia e a entrada com pedido de registro da CoronaVac simultaneamente no Brasil e na China na mesma data.<\/p>\n<p>O instituto tamb\u00e9m pedir\u00e1 autoriza\u00e7\u00e3o para uso emergencial \u00e0 Ag\u00eancia Nacional de Vigil\u00e2ncia Sanit\u00e1ria (Anvisa).<\/p>\n<p>A CoronaVac foi inclu\u00edda pelo governo federal no plano nacional de imuniza\u00e7\u00e3o contra covid-19 apresentado na semana passada, ao lado das vacinas de Oxford\/AstraZeneca e da Pfizer.<\/p>\n<p>&nbsp;<\/p>\n<p><strong>Fonte: Terra<\/strong><\/p>\n<p>&nbsp;<\/p>\n","protected":false},"excerpt":{"rendered":"<p>O diretor do Instituto Butantan, Dimas Covas, e o secret\u00e1rio de Sa\u00fade de S\u00e3o Paulo, Jean Gorinchteyn, v\u00e3o apresentar na quarta-feira, \u00e0s 16h, informa\u00e7\u00f5es sobre a conclus\u00e3o do estudo cl\u00ednico da CoronaVac e sua efic\u00e1cia, informou o governo paulista nesta ter\u00e7a-feira, com expectativa de an\u00fancio de que a vacina \u00e9 eficaz contra o coronav\u00edrus. A &hellip;<\/p>\n","protected":false},"author":1,"featured_media":11559,"comment_status":"closed","ping_status":"closed","sticky":false,"template":"","format":"standard","meta":{"_jetpack_newsletter_access":"","_jetpack_dont_email_post_to_subs":false,"_jetpack_newsletter_tier_id":0,"_jetpack_memberships_contains_paywalled_content":false,"_jetpack_memberships_contains_paid_content":false,"footnotes":""},"categories":[1],"tags":[],"class_list":["post-11558","post","type-post","status-publish","format-standard","has-post-thumbnail","hentry","category-destaque"],"jetpack_sharing_enabled":true,"jetpack_featured_media_url":"","_links":{"self":[{"href":"https:\/\/www.oparanews.com.br\/index.php\/wp-json\/wp\/v2\/posts\/11558","targetHints":{"allow":["GET"]}}],"collection":[{"href":"https:\/\/www.oparanews.com.br\/index.php\/wp-json\/wp\/v2\/posts"}],"about":[{"href":"https:\/\/www.oparanews.com.br\/index.php\/wp-json\/wp\/v2\/types\/post"}],"author":[{"embeddable":true,"href":"https:\/\/www.oparanews.com.br\/index.php\/wp-json\/wp\/v2\/users\/1"}],"replies":[{"embeddable":true,"href":"https:\/\/www.oparanews.com.br\/index.php\/wp-json\/wp\/v2\/comments?post=11558"}],"version-history":[{"count":0,"href":"https:\/\/www.oparanews.com.br\/index.php\/wp-json\/wp\/v2\/posts\/11558\/revisions"}],"wp:attachment":[{"href":"https:\/\/www.oparanews.com.br\/index.php\/wp-json\/wp\/v2\/media?parent=11558"}],"wp:term":[{"taxonomy":"category","embeddable":true,"href":"https:\/\/www.oparanews.com.br\/index.php\/wp-json\/wp\/v2\/categories?post=11558"},{"taxonomy":"post_tag","embeddable":true,"href":"https:\/\/www.oparanews.com.br\/index.php\/wp-json\/wp\/v2\/tags?post=11558"}],"curies":[{"name":"wp","href":"https:\/\/api.w.org\/{rel}","templated":true}]}}