{"id":11561,"date":"2020-12-23T01:27:54","date_gmt":"2020-12-23T01:27:54","guid":{"rendered":"https:\/\/oparanews.com.br\/?p=11561"},"modified":"2020-12-23T01:27:54","modified_gmt":"2020-12-23T01:27:54","slug":"bolsonaro-mantem-silencio-sobre-prisao-do-aliado-crivella","status":"publish","type":"post","link":"https:\/\/www.oparanews.com.br\/index.php\/2020\/12\/23\/bolsonaro-mantem-silencio-sobre-prisao-do-aliado-crivella\/","title":{"rendered":"Bolsonaro mant\u00e9m sil\u00eancio sobre pris\u00e3o do aliado Crivella"},"content":{"rendered":"<p>De f\u00e9rias no litoral de Santa Catarina, o presidente Jair Bolsonaro procurou nesta ter\u00e7a-feira manter dist\u00e2ncia da repercuss\u00e3o provocada pela pris\u00e3o do prefeito do Rio, Marcelo Crivella (Republicanos). Bolsonaro passou o dia em sil\u00eancio e n\u00e3o comentou a opera\u00e7\u00e3o que atingiu o aliado \u2013 para quem pediu votos na campanha eleitoral deste ano.<\/p>\n<p>Na busca pelo segundo mandato, Crivella teve autoriza\u00e7\u00e3o para usar a imagem do presidente na corrida eleitoral, mas foi derrotado pelo ex-prefeito Eduardo Paes (PSB) em novembro. Ap\u00f3s Crivella ser preso, a nove dias de encerrar o mandato \u2013 acusado de corrup\u00e7\u00e3o \u2013, fotos e v\u00eddeos de Bolsonaro ao lado do prefeito passaram a ser compartilhados nas redes sociais, lembrando a proximidade entre eles. Uma das imagens mais compartilhadas \u00e9 a do chefe do Executivo federal dan\u00e7ando com Crivella em um culto no Rio.<\/p>\n<p>Ganharam destaque, ainda, trechos de lives em que o presidente aparece pedindo voto para reeleger o prefeito. Al\u00e9m disso, advers\u00e1rios destacaram que dois dos filhos de Bolsonaro &#8211; o senador Fl\u00e1vio e o vereador Carlos &#8211; s\u00e3o filiados ao Republicanos, partido de Crivella, ligado \u00e0 Igreja Universal do Reino de Deus.<\/p>\n<p>Embora a situa\u00e7\u00e3o provoque desgaste para Bolsonaro, interlocutores do governo procuram minimizar os fatos, sob o argumento de que o presidente n\u00e3o pode ser cobrado por atos de terceiros. &#8220;Isso a\u00ed \u00e9 quest\u00e3o policial, segue o baile, investiga\u00e7\u00e3o e acabou&#8221;, afirmou o vice-presidente Hamilton Mour\u00e3o. &#8220;Para o governo n\u00e3o tem impacto nenhum. N\u00e3o tem nada a ver com a gente.&#8221;<\/p>\n<p>&nbsp;<\/p>\n<p><strong>Fonte: Terra<\/strong><\/p>\n<p>&nbsp;<\/p>\n","protected":false},"excerpt":{"rendered":"<p>De f\u00e9rias no litoral de Santa Catarina, o presidente Jair Bolsonaro procurou nesta ter\u00e7a-feira manter dist\u00e2ncia da repercuss\u00e3o provocada pela pris\u00e3o do prefeito do Rio, Marcelo Crivella (Republicanos). Bolsonaro passou o dia em sil\u00eancio e n\u00e3o comentou a opera\u00e7\u00e3o que atingiu o aliado \u2013 para quem pediu votos na campanha eleitoral deste ano. Na busca &hellip;<\/p>\n","protected":false},"author":1,"featured_media":11562,"comment_status":"closed","ping_status":"closed","sticky":false,"template":"","format":"standard","meta":{"_jetpack_newsletter_access":"","_jetpack_dont_email_post_to_subs":false,"_jetpack_newsletter_tier_id":0,"_jetpack_memberships_contains_paywalled_content":false,"_jetpack_memberships_contains_paid_content":false,"footnotes":""},"categories":[1],"tags":[],"class_list":["post-11561","post","type-post","status-publish","format-standard","has-post-thumbnail","hentry","category-destaque"],"jetpack_sharing_enabled":true,"jetpack_featured_media_url":"","_links":{"self":[{"href":"https:\/\/www.oparanews.com.br\/index.php\/wp-json\/wp\/v2\/posts\/11561","targetHints":{"allow":["GET"]}}],"collection":[{"href":"https:\/\/www.oparanews.com.br\/index.php\/wp-json\/wp\/v2\/posts"}],"about":[{"href":"https:\/\/www.oparanews.com.br\/index.php\/wp-json\/wp\/v2\/types\/post"}],"author":[{"embeddable":true,"href":"https:\/\/www.oparanews.com.br\/index.php\/wp-json\/wp\/v2\/users\/1"}],"replies":[{"embeddable":true,"href":"https:\/\/www.oparanews.com.br\/index.php\/wp-json\/wp\/v2\/comments?post=11561"}],"version-history":[{"count":0,"href":"https:\/\/www.oparanews.com.br\/index.php\/wp-json\/wp\/v2\/posts\/11561\/revisions"}],"wp:attachment":[{"href":"https:\/\/www.oparanews.com.br\/index.php\/wp-json\/wp\/v2\/media?parent=11561"}],"wp:term":[{"taxonomy":"category","embeddable":true,"href":"https:\/\/www.oparanews.com.br\/index.php\/wp-json\/wp\/v2\/categories?post=11561"},{"taxonomy":"post_tag","embeddable":true,"href":"https:\/\/www.oparanews.com.br\/index.php\/wp-json\/wp\/v2\/tags?post=11561"}],"curies":[{"name":"wp","href":"https:\/\/api.w.org\/{rel}","templated":true}]}}