{"id":11564,"date":"2020-12-23T01:34:53","date_gmt":"2020-12-23T01:34:53","guid":{"rendered":"https:\/\/oparanews.com.br\/?p=11564"},"modified":"2020-12-23T01:34:53","modified_gmt":"2020-12-23T01:34:53","slug":"csa-bate-o-vitoria-e-se-fortalece-na-luta-pelo-acesso-3-a-0","status":"publish","type":"post","link":"https:\/\/www.oparanews.com.br\/index.php\/2020\/12\/23\/csa-bate-o-vitoria-e-se-fortalece-na-luta-pelo-acesso-3-a-0\/","title":{"rendered":"CSA bate o Vit\u00f3ria e se fortalece na luta pelo acesso: 3 a 0"},"content":{"rendered":"<p>Em uma noite inspirada no Rei Pel\u00e9, o CSA foi soberano contra o Vit\u00f3ria e bateu os baianos por 3 a 0. O triunfo deixou o Azul\u00e3o a apenas um ponto do G-4 e complicou o Le\u00e3o na luta contra o rebaixamento. Os tentos azulinos foram anotados por Rafael Bilu, Rodolfo Filemon e Nadson. A partida foi v\u00e1lida pela 31\u00aa rodada da S\u00e9rie B do Brasileir\u00e3o.<\/p>\n<p>Com o grande resultado, a equipe azulina sobe uma posi\u00e7\u00e3o e ocupa agora o 5\u00ba lugar, com 48 pontos somados at\u00e9 aqui. J\u00e1 os rubro-negros ficam a seis pontos da zona do rebaixamento, na 15\u00aa posi\u00e7\u00e3o, com os mesmos 36 pontos.<\/p>\n<p>As equipes, agora, voltam a campo somente no ano que vem e enfrentar\u00e3o seus pr\u00f3ximos advers\u00e1rios como mandantes. No dia 2 de janeiro, um s\u00e1bado, \u00e0s 16h30 o Azul\u00e3o receber\u00e1 o Sampaio Corr\u00eaa no Rei Pel\u00e9. O Vit\u00f3ria, por sua vez, ir\u00e1 encarar o Oper\u00e1rio um dia ap\u00f3s, \u00e0s 18h15, no Barrad\u00e3o. As partidas ser\u00e3o v\u00e1lidas pela 32\u00aa rodada da competi\u00e7\u00e3o.<\/p>\n<p>&nbsp;<\/p>\n<p><strong>Fonte: Gazetweb<\/strong><\/p>\n<p>&nbsp;<\/p>\n","protected":false},"excerpt":{"rendered":"<p>Em uma noite inspirada no Rei Pel\u00e9, o CSA foi soberano contra o Vit\u00f3ria e bateu os baianos por 3 a 0. O triunfo deixou o Azul\u00e3o a apenas um ponto do G-4 e complicou o Le\u00e3o na luta contra o rebaixamento. Os tentos azulinos foram anotados por Rafael Bilu, Rodolfo Filemon e Nadson. A &hellip;<\/p>\n","protected":false},"author":1,"featured_media":11565,"comment_status":"closed","ping_status":"closed","sticky":false,"template":"","format":"standard","meta":{"_jetpack_newsletter_access":"","_jetpack_dont_email_post_to_subs":false,"_jetpack_newsletter_tier_id":0,"_jetpack_memberships_contains_paywalled_content":false,"_jetpack_memberships_contains_paid_content":false,"footnotes":""},"categories":[1],"tags":[],"class_list":["post-11564","post","type-post","status-publish","format-standard","has-post-thumbnail","hentry","category-destaque"],"jetpack_sharing_enabled":true,"jetpack_featured_media_url":"","_links":{"self":[{"href":"https:\/\/www.oparanews.com.br\/index.php\/wp-json\/wp\/v2\/posts\/11564","targetHints":{"allow":["GET"]}}],"collection":[{"href":"https:\/\/www.oparanews.com.br\/index.php\/wp-json\/wp\/v2\/posts"}],"about":[{"href":"https:\/\/www.oparanews.com.br\/index.php\/wp-json\/wp\/v2\/types\/post"}],"author":[{"embeddable":true,"href":"https:\/\/www.oparanews.com.br\/index.php\/wp-json\/wp\/v2\/users\/1"}],"replies":[{"embeddable":true,"href":"https:\/\/www.oparanews.com.br\/index.php\/wp-json\/wp\/v2\/comments?post=11564"}],"version-history":[{"count":0,"href":"https:\/\/www.oparanews.com.br\/index.php\/wp-json\/wp\/v2\/posts\/11564\/revisions"}],"wp:attachment":[{"href":"https:\/\/www.oparanews.com.br\/index.php\/wp-json\/wp\/v2\/media?parent=11564"}],"wp:term":[{"taxonomy":"category","embeddable":true,"href":"https:\/\/www.oparanews.com.br\/index.php\/wp-json\/wp\/v2\/categories?post=11564"},{"taxonomy":"post_tag","embeddable":true,"href":"https:\/\/www.oparanews.com.br\/index.php\/wp-json\/wp\/v2\/tags?post=11564"}],"curies":[{"name":"wp","href":"https:\/\/api.w.org\/{rel}","templated":true}]}}