{"id":11576,"date":"2020-12-24T11:39:54","date_gmt":"2020-12-24T11:39:54","guid":{"rendered":"https:\/\/oparanews.com.br\/?p=11576"},"modified":"2020-12-24T11:39:54","modified_gmt":"2020-12-24T11:39:54","slug":"semed-penedo-ganha-novos-veiculos-para-o-transporte-escolar","status":"publish","type":"post","link":"https:\/\/www.oparanews.com.br\/index.php\/2020\/12\/24\/semed-penedo-ganha-novos-veiculos-para-o-transporte-escolar\/","title":{"rendered":"Semed Penedo ganha novos ve\u00edculos para o transporte escolar"},"content":{"rendered":"<p>Estudantes de escolas mantidas pela Prefeitura de Penedo ganharam um refor\u00e7o neste final de ano. Nesta quarta-feira, 23, a Secret\u00e1ria Municipal de Educa\u00e7\u00e3o, C\u00edntya Alves, e o Vice-Prefeito Ronaldo Lopes receberam dois novos ve\u00edculos para o transporte escolar.<\/p>\n<p>A amplia\u00e7\u00e3o da frota \u00e9 consequ\u00eancia do trabalho do senador Rodrigo Cunha, em Bras\u00edlia. O membro da bancada federal alagoana fez a entrega hoje e aproveitou para visitar a Escola Municipal de Educa\u00e7\u00e3o B\u00e1sica Professor Wilton Lisboa Lucena \u2013 inaugurada na semana passada \u2013 e a Creche Escola Denilma Bulh\u00f5es, localizada no Conjunto Rosete Andrade, e n\u00e3o a Creche Escola L\u00facia Nogueira Moreira, como informado antes, por equ\u00edvoco.<\/p>\n<p>\u201cQuero agradecer ao senador Rodrigo Cunha a aten\u00e7\u00e3o que ele tem dado ao nosso munic\u00edpio. S\u00e3o mais dois \u00f4nibus novos incorporados ao transporte dos estudantes de Penedo\u201d, declarou Ronaldo Lopes, eleito para administrar Penedo a partir de 2021.<\/p>\n<p>\u201cFico feliz de estar aqui em Penedo numa reta final de ano muito dif\u00edcil e tamb\u00e9m de muito aprendizado\u201d, declarou Rodrigo Cunha, destacando a import\u00e2ncia dos \u00f4nibus escolares para a promo\u00e7\u00e3o do transporte de qualidade.<\/p>\n<p>Os vereadores Manoel Messias Lima (Messias da Fil\u00f3), Ant\u00f4nio de Figueiredo Barbosa J\u00fanior (J\u00fanior do T\u00f3) e Denys Reis, aliado pol\u00edtico de Rodrigo Cunha, prestigiaram a entrega de mais esse benef\u00edcio para estudantes da rede p\u00fablica municipal.<\/p>\n<p>Em 2019, a Prefeitura de Penedo adquiriu dez \u2018amarelinhos\u2019, investimento realizado com recursos pr\u00f3prios no valor de R$ 2.000.000,00 (dois milh\u00f5es de reais).<\/p>\n<p>&nbsp;<\/p>\n<p><strong>por Fernando Vin\u00edcius \u2013 Decom PMP<\/strong><\/p>\n<p>&nbsp;<\/p>\n","protected":false},"excerpt":{"rendered":"<p>Estudantes de escolas mantidas pela Prefeitura de Penedo ganharam um refor\u00e7o neste final de ano. Nesta quarta-feira, 23, a Secret\u00e1ria Municipal de Educa\u00e7\u00e3o, C\u00edntya Alves, e o Vice-Prefeito Ronaldo Lopes receberam dois novos ve\u00edculos para o transporte escolar. A amplia\u00e7\u00e3o da frota \u00e9 consequ\u00eancia do trabalho do senador Rodrigo Cunha, em Bras\u00edlia. O membro da &hellip;<\/p>\n","protected":false},"author":1,"featured_media":11577,"comment_status":"closed","ping_status":"closed","sticky":false,"template":"","format":"standard","meta":{"_jetpack_newsletter_access":"","_jetpack_dont_email_post_to_subs":false,"_jetpack_newsletter_tier_id":0,"_jetpack_memberships_contains_paywalled_content":false,"_jetpack_memberships_contains_paid_content":false,"footnotes":""},"categories":[1],"tags":[],"class_list":["post-11576","post","type-post","status-publish","format-standard","has-post-thumbnail","hentry","category-destaque"],"jetpack_sharing_enabled":true,"jetpack_featured_media_url":"","_links":{"self":[{"href":"https:\/\/www.oparanews.com.br\/index.php\/wp-json\/wp\/v2\/posts\/11576","targetHints":{"allow":["GET"]}}],"collection":[{"href":"https:\/\/www.oparanews.com.br\/index.php\/wp-json\/wp\/v2\/posts"}],"about":[{"href":"https:\/\/www.oparanews.com.br\/index.php\/wp-json\/wp\/v2\/types\/post"}],"author":[{"embeddable":true,"href":"https:\/\/www.oparanews.com.br\/index.php\/wp-json\/wp\/v2\/users\/1"}],"replies":[{"embeddable":true,"href":"https:\/\/www.oparanews.com.br\/index.php\/wp-json\/wp\/v2\/comments?post=11576"}],"version-history":[{"count":0,"href":"https:\/\/www.oparanews.com.br\/index.php\/wp-json\/wp\/v2\/posts\/11576\/revisions"}],"wp:attachment":[{"href":"https:\/\/www.oparanews.com.br\/index.php\/wp-json\/wp\/v2\/media?parent=11576"}],"wp:term":[{"taxonomy":"category","embeddable":true,"href":"https:\/\/www.oparanews.com.br\/index.php\/wp-json\/wp\/v2\/categories?post=11576"},{"taxonomy":"post_tag","embeddable":true,"href":"https:\/\/www.oparanews.com.br\/index.php\/wp-json\/wp\/v2\/tags?post=11576"}],"curies":[{"name":"wp","href":"https:\/\/api.w.org\/{rel}","templated":true}]}}