{"id":11579,"date":"2020-12-24T11:46:26","date_gmt":"2020-12-24T11:46:26","guid":{"rendered":"https:\/\/oparanews.com.br\/?p=11579"},"modified":"2020-12-24T11:46:26","modified_gmt":"2020-12-24T11:46:26","slug":"renan-filho-anuncia-data-para-pagamento-do-rateio-do-fundeb","status":"publish","type":"post","link":"https:\/\/www.oparanews.com.br\/index.php\/2020\/12\/24\/renan-filho-anuncia-data-para-pagamento-do-rateio-do-fundeb\/","title":{"rendered":"Renan Filho anuncia data para pagamento do rateio do Fundeb"},"content":{"rendered":"<p>O governador Filho confirmou a data do pagamento do rateio do Fundeb para os professores da rede estadual de ensino.<\/p>\n<p>Em mensagem nas redes sociais, nesta quarta-feira (23), Renan Filho adiantou que os professores da educa\u00e7\u00e3o b\u00e1sica p\u00fablica de Alagoas receber\u00e3o o pagamento do rateio do Fundo de Manuten\u00e7\u00e3o e Desenvolvimento da Educa\u00e7\u00e3o B\u00e1sica e de Valoriza\u00e7\u00e3o dos Profissionais da Educa\u00e7\u00e3o (Fundeb) no dia 8 de janeiro de 2021.<\/p>\n<p>Na mensagem, o governador tamb\u00e9m confirmou que o Estado vai implantar o piso nacional salarial dos professores para ainda este m\u00eas. Segundo o governador, a categoria tamb\u00e9m receber\u00e1 o retroativo do piso equivalente a todo o ano de 2020. \u201cEu determinei que isso fosse feito tudo junto, agora, ao final do m\u00eas de dezembro\u201d, completou Renan.<\/p>\n<p>Ainda sobre o rateio, o governador ressaltou que o pagamento ser\u00e1 feito em torno de uma folha salarial. No entanto, o valor ainda n\u00e3o foi definido, pois depende da arrecada\u00e7\u00e3o\u201d<\/p>\n<p>\u201cAinda n\u00e3o temos o valor exato, porque depende da arrecada\u00e7\u00e3o, que entra no final do m\u00eas de dezembro\u201d, frisou Renan.<\/p>\n<p>&nbsp;<\/p>\n<p><strong>por Edivaldo J\u00fanior\/Gazetaweb<\/strong><\/p>\n<p>&nbsp;<\/p>\n","protected":false},"excerpt":{"rendered":"<p>O governador Filho confirmou a data do pagamento do rateio do Fundeb para os professores da rede estadual de ensino. Em mensagem nas redes sociais, nesta quarta-feira (23), Renan Filho adiantou que os professores da educa\u00e7\u00e3o b\u00e1sica p\u00fablica de Alagoas receber\u00e3o o pagamento do rateio do Fundo de Manuten\u00e7\u00e3o e Desenvolvimento da Educa\u00e7\u00e3o B\u00e1sica e &hellip;<\/p>\n","protected":false},"author":1,"featured_media":11580,"comment_status":"closed","ping_status":"closed","sticky":false,"template":"","format":"standard","meta":{"_jetpack_newsletter_access":"","_jetpack_dont_email_post_to_subs":false,"_jetpack_newsletter_tier_id":0,"_jetpack_memberships_contains_paywalled_content":false,"_jetpack_memberships_contains_paid_content":false,"footnotes":""},"categories":[1],"tags":[],"class_list":["post-11579","post","type-post","status-publish","format-standard","has-post-thumbnail","hentry","category-destaque"],"jetpack_sharing_enabled":true,"jetpack_featured_media_url":"","_links":{"self":[{"href":"https:\/\/www.oparanews.com.br\/index.php\/wp-json\/wp\/v2\/posts\/11579","targetHints":{"allow":["GET"]}}],"collection":[{"href":"https:\/\/www.oparanews.com.br\/index.php\/wp-json\/wp\/v2\/posts"}],"about":[{"href":"https:\/\/www.oparanews.com.br\/index.php\/wp-json\/wp\/v2\/types\/post"}],"author":[{"embeddable":true,"href":"https:\/\/www.oparanews.com.br\/index.php\/wp-json\/wp\/v2\/users\/1"}],"replies":[{"embeddable":true,"href":"https:\/\/www.oparanews.com.br\/index.php\/wp-json\/wp\/v2\/comments?post=11579"}],"version-history":[{"count":0,"href":"https:\/\/www.oparanews.com.br\/index.php\/wp-json\/wp\/v2\/posts\/11579\/revisions"}],"wp:attachment":[{"href":"https:\/\/www.oparanews.com.br\/index.php\/wp-json\/wp\/v2\/media?parent=11579"}],"wp:term":[{"taxonomy":"category","embeddable":true,"href":"https:\/\/www.oparanews.com.br\/index.php\/wp-json\/wp\/v2\/categories?post=11579"},{"taxonomy":"post_tag","embeddable":true,"href":"https:\/\/www.oparanews.com.br\/index.php\/wp-json\/wp\/v2\/tags?post=11579"}],"curies":[{"name":"wp","href":"https:\/\/api.w.org\/{rel}","templated":true}]}}