{"id":11582,"date":"2020-12-24T11:49:16","date_gmt":"2020-12-24T11:49:16","guid":{"rendered":"https:\/\/oparanews.com.br\/?p=11582"},"modified":"2020-12-24T11:49:16","modified_gmt":"2020-12-24T11:49:16","slug":"bares-e-restaurantes-vao-fechar-mais-cedo-em-alagoas","status":"publish","type":"post","link":"https:\/\/www.oparanews.com.br\/index.php\/2020\/12\/24\/bares-e-restaurantes-vao-fechar-mais-cedo-em-alagoas\/","title":{"rendered":"Bares e restaurantes v\u00e3o fechar mais cedo em Alagoas"},"content":{"rendered":"<p>A decis\u00e3o foi tomada nesta quarta-feira (23) pelo governador Renan Filho (MDB), ap\u00f3s ouvir os secret\u00e1rios de Sa\u00fade, Alexandre Ayres, do Gabinete Civil, F\u00e1bio Farias, e assessores t\u00e9cnicos . A partir desta quinta-feira(24) bares e restaurantes v\u00e3o fechar mais cedo em Alagoas.<\/p>\n<p>Com o novo decreto, a venda de bebidas s\u00f3 pode ser realizada em quaisquer estabelecimentos at\u00e9 a meia-noite. Este ser\u00e1 o mesmo hor\u00e1rio para o atendimento nos restaurantes.<\/p>\n<p>O objetivo do governo, ao estabelecer o novo hor\u00e1rio, \u00e9 conter o aumento de casos do novo coronav\u00edrus, principalmente entre as pessoas na faixa de 20 a 29 anos. \u00c9 nesta faixa que tem sido registradas as maiores altas de Covid-19 nas \u00faltimas semanas.<\/p>\n<p>O aumento de casos \u00e9 atribu\u00eddo principalmente a aglomera\u00e7\u00e3o em locais como bares e restaurantes, onde as pessoas n\u00e3o usam m\u00e1scaras e normalmente ficam muito pr\u00f3ximas.<\/p>\n<p>Embora os mais jovens tenham maior resist\u00eancia ao v\u00edrus, a maior preocupa\u00e7\u00e3o das autoridades de sa\u00fade \u00e9 q eles podem contaminar os idosos ou pessoas com comorbidades ao retornarem para suas casas.<\/p>\n<p>O decreto sair\u00e1 em edi\u00e7\u00e3o extra do Di\u00e1rio Oficial do Estado e tamb\u00e9m autoriza a realiza\u00e7\u00e3o de r\u00e9veillons com at\u00e9 300 pessoas e encerramento no m\u00e1ximo \u00e0 3h da manh\u00e3, al\u00e9m de eventos ao ar livre com o mesmo p\u00fablico.<\/p>\n<p>M\u00fasica ao vivo e shows ficam proibidos em locais fechados. Nas festas de virada de ano, a m\u00fasica ao vivo ser\u00e1 autorizada.<\/p>\n<p>O decreto tamb\u00e9m autoriza o retorno \u00e0s aulas nas redes p\u00fablica e privada a partir de 21 de janeiro. As escolas ter\u00e3o autonomia para definir seus calend\u00e1rios, desde que as aulas comecem a partir da data estabelecida.<\/p>\n<p>O governo decidiu estabelecer o limite para funcionamento de bares e restaurantes depois de ouvir representantes do setor. As medidas foram alinhadas com a diretoria da Abrasel. Existia o temor, entre os empres\u00e1rios, de um fechamento desses estabelecimentos, medida que n\u00e3o est\u00e1 totalmente descartada.<\/p>\n<p>No pr\u00f3ximo dia 10, os representantes do setor de bares e restaurantes voltam a se reunir com o governo para uma avalia\u00e7\u00e3o dos resultados das novas medidas. A partir da\u00ed as regras podem ser endurecidas, mantidas ou at\u00e9 relaxadas. A conferir.<\/p>\n<p>&nbsp;<\/p>\n<p><strong>por Edivaldo J\u00fanior\/Gazetaweb<\/strong><\/p>\n<p>&nbsp;<\/p>\n","protected":false},"excerpt":{"rendered":"<p>A decis\u00e3o foi tomada nesta quarta-feira (23) pelo governador Renan Filho (MDB), ap\u00f3s ouvir os secret\u00e1rios de Sa\u00fade, Alexandre Ayres, do Gabinete Civil, F\u00e1bio Farias, e assessores t\u00e9cnicos . A partir desta quinta-feira(24) bares e restaurantes v\u00e3o fechar mais cedo em Alagoas. Com o novo decreto, a venda de bebidas s\u00f3 pode ser realizada em &hellip;<\/p>\n","protected":false},"author":1,"featured_media":11583,"comment_status":"closed","ping_status":"closed","sticky":false,"template":"","format":"standard","meta":{"_jetpack_newsletter_access":"","_jetpack_dont_email_post_to_subs":false,"_jetpack_newsletter_tier_id":0,"_jetpack_memberships_contains_paywalled_content":false,"_jetpack_memberships_contains_paid_content":false,"footnotes":""},"categories":[1],"tags":[],"class_list":["post-11582","post","type-post","status-publish","format-standard","has-post-thumbnail","hentry","category-destaque"],"jetpack_sharing_enabled":true,"jetpack_featured_media_url":"","_links":{"self":[{"href":"https:\/\/www.oparanews.com.br\/index.php\/wp-json\/wp\/v2\/posts\/11582","targetHints":{"allow":["GET"]}}],"collection":[{"href":"https:\/\/www.oparanews.com.br\/index.php\/wp-json\/wp\/v2\/posts"}],"about":[{"href":"https:\/\/www.oparanews.com.br\/index.php\/wp-json\/wp\/v2\/types\/post"}],"author":[{"embeddable":true,"href":"https:\/\/www.oparanews.com.br\/index.php\/wp-json\/wp\/v2\/users\/1"}],"replies":[{"embeddable":true,"href":"https:\/\/www.oparanews.com.br\/index.php\/wp-json\/wp\/v2\/comments?post=11582"}],"version-history":[{"count":0,"href":"https:\/\/www.oparanews.com.br\/index.php\/wp-json\/wp\/v2\/posts\/11582\/revisions"}],"wp:attachment":[{"href":"https:\/\/www.oparanews.com.br\/index.php\/wp-json\/wp\/v2\/media?parent=11582"}],"wp:term":[{"taxonomy":"category","embeddable":true,"href":"https:\/\/www.oparanews.com.br\/index.php\/wp-json\/wp\/v2\/categories?post=11582"},{"taxonomy":"post_tag","embeddable":true,"href":"https:\/\/www.oparanews.com.br\/index.php\/wp-json\/wp\/v2\/tags?post=11582"}],"curies":[{"name":"wp","href":"https:\/\/api.w.org\/{rel}","templated":true}]}}