{"id":11588,"date":"2020-12-24T12:15:13","date_gmt":"2020-12-24T12:15:13","guid":{"rendered":"https:\/\/oparanews.com.br\/?p=11588"},"modified":"2020-12-24T12:15:13","modified_gmt":"2020-12-24T12:15:13","slug":"palmeiras-e-america-mg-ficam-no-1-a-1-na-ida-da-semifinal","status":"publish","type":"post","link":"https:\/\/www.oparanews.com.br\/index.php\/2020\/12\/24\/palmeiras-e-america-mg-ficam-no-1-a-1-na-ida-da-semifinal\/","title":{"rendered":"Palmeiras e Am\u00e9rica-MG ficam no 1 a 1 na ida da semifinal"},"content":{"rendered":"<p>No duelo de ida da semifinal da Copa do Brasil, Palmeiras e Am\u00e9rica-MG empataram por 1 a 1. Gustavo G\u00f3mez marcou para os mandantes e Ademir fez para os visitantes no Allianz Parque.<\/p>\n<p>O Am\u00e9rica-MG foi bem na primeira etapa e abriu o placar. No \u00faltimo minuto do primeiro tempo, Gustavo G\u00f3mez empatou. Na etapa final, o Palmeiras pressionou, mas n\u00e3o conseguiu a virada. O jogo de volta acontece na pr\u00f3xima quarta-feira (30), \u00e0s 21h30, no Independ\u00eancia, em Belo Horizonte.<\/p>\n<p>&nbsp;<\/p>\n<p><strong>Fonte: Terra<\/strong><\/p>\n<p>&nbsp;<\/p>\n","protected":false},"excerpt":{"rendered":"<p>No duelo de ida da semifinal da Copa do Brasil, Palmeiras e Am\u00e9rica-MG empataram por 1 a 1. Gustavo G\u00f3mez marcou para os mandantes e Ademir fez para os visitantes no Allianz Parque. O Am\u00e9rica-MG foi bem na primeira etapa e abriu o placar. No \u00faltimo minuto do primeiro tempo, Gustavo G\u00f3mez empatou. Na etapa &hellip;<\/p>\n","protected":false},"author":1,"featured_media":11589,"comment_status":"closed","ping_status":"closed","sticky":false,"template":"","format":"standard","meta":{"_jetpack_newsletter_access":"","_jetpack_dont_email_post_to_subs":false,"_jetpack_newsletter_tier_id":0,"_jetpack_memberships_contains_paywalled_content":false,"_jetpack_memberships_contains_paid_content":false,"footnotes":""},"categories":[1],"tags":[],"class_list":["post-11588","post","type-post","status-publish","format-standard","has-post-thumbnail","hentry","category-destaque"],"jetpack_sharing_enabled":true,"jetpack_featured_media_url":"","_links":{"self":[{"href":"https:\/\/www.oparanews.com.br\/index.php\/wp-json\/wp\/v2\/posts\/11588","targetHints":{"allow":["GET"]}}],"collection":[{"href":"https:\/\/www.oparanews.com.br\/index.php\/wp-json\/wp\/v2\/posts"}],"about":[{"href":"https:\/\/www.oparanews.com.br\/index.php\/wp-json\/wp\/v2\/types\/post"}],"author":[{"embeddable":true,"href":"https:\/\/www.oparanews.com.br\/index.php\/wp-json\/wp\/v2\/users\/1"}],"replies":[{"embeddable":true,"href":"https:\/\/www.oparanews.com.br\/index.php\/wp-json\/wp\/v2\/comments?post=11588"}],"version-history":[{"count":0,"href":"https:\/\/www.oparanews.com.br\/index.php\/wp-json\/wp\/v2\/posts\/11588\/revisions"}],"wp:attachment":[{"href":"https:\/\/www.oparanews.com.br\/index.php\/wp-json\/wp\/v2\/media?parent=11588"}],"wp:term":[{"taxonomy":"category","embeddable":true,"href":"https:\/\/www.oparanews.com.br\/index.php\/wp-json\/wp\/v2\/categories?post=11588"},{"taxonomy":"post_tag","embeddable":true,"href":"https:\/\/www.oparanews.com.br\/index.php\/wp-json\/wp\/v2\/tags?post=11588"}],"curies":[{"name":"wp","href":"https:\/\/api.w.org\/{rel}","templated":true}]}}