{"id":11600,"date":"2020-12-24T12:32:47","date_gmt":"2020-12-24T12:32:47","guid":{"rendered":"https:\/\/oparanews.com.br\/?p=11600"},"modified":"2020-12-24T12:32:47","modified_gmt":"2020-12-24T12:32:47","slug":"flayslane-rebate-critica-por-culpa-de-covid-de-victor-hugo","status":"publish","type":"post","link":"https:\/\/www.oparanews.com.br\/index.php\/2020\/12\/24\/flayslane-rebate-critica-por-culpa-de-covid-de-victor-hugo\/","title":{"rendered":"Flayslane rebate cr\u00edtica por &#8220;culpa&#8221; de covid de Victor Hugo"},"content":{"rendered":"<p>Victor Hugo, que esteve no BBB 2020, recentemente foi diagnosticado com o novo coronav\u00edrus e precisou ser transferido para uma UTI, devido a pneumonia que tamb\u00e9m contraiu. Flayslane, ex-colega de confinamento, foi apontada indiretamente como culpada e resolveu reagir \u00e0s cr\u00edticas.<\/p>\n<p>Logo quando soube da novidade, a cantora resolveu prestar apoio ao ex-BBB em seu perfil no Twitter, com uma breve mensagem: \u201cVICTOR HUGOOOOOOOOOO! Por favor gente, orem, rezem, conversem com Deus, da forma que voc\u00eas preferirem, mas pe\u00e7am pela vida dele, por favor\u201c.<\/p>\n<p>No entanto, vale lembrar que Victor p\u00f4de ser visto em algumas aglomera\u00e7\u00f5es e festas com Flay e outros ex-participantes do reality da Globo, mesmo com toda pandemia de Covid-19. Por isso, v\u00e1rios internautas detonaram o pronunciamento, devido ao desrespeito ao isolamento social e \u00e0 preocupa\u00e7\u00e3o tardia.<\/p>\n<p>A ex-BBB resolveu rebater as cr\u00edticas com um \u00fanico tweet: \u201cComo tem gente podre nessa porra de internet\u2026 Voc\u00eas chegam a desejar a morte das pessoas porque n\u00e3o simpatizam ou n\u00e3o concordam com elas? Empatia n\u00e3o se pratica s\u00f3 com quem voc\u00eas gostam n\u00e3o, pow! \u00c9 sem olhar a quem! N\u00e3o \u00e9 hora de apontar o dedo, apenas orar por mais uma vida em risco\u201c.<\/p>\n<p>Os twitteiros, tamb\u00e9m reagiram, como um que contra-argumentou: \u201c\u00c9 hora de apontar o dedo sim! Voc\u00eas est\u00e3o em posi\u00e7\u00e3o de influ\u00eancia, e deveriam ser os primeiros ter no\u00e7\u00e3o. Voc\u00ea quer que respeitemos a vida do Victor Hugo. Mas voc\u00ea, ele, e todos os outros que n\u00e3o respeitam a quarentena, est\u00e3o fazendo o que? Contribuindo para que haja mais mortes\u201c.<\/p>\n<p>Outra pessoa relembrou a foto de uma dessas festas e provocou Flayslane: \u201cConsiderando o tanto de an\u00f4nimos que morreram por esta \u2018festinha\u2019 n\u00e3o d\u00e1 pra ter empatia n\u00e3o\u201c. Um terceiro criticou Victor Hugo: \u201cEle que se colocou em risco n\u00e9, mas desejo melhoras\u201c.<\/p>\n<p>&nbsp;<\/p>\n<p><strong>Fonte: RD1<\/strong><\/p>\n<p>&nbsp;<\/p>\n","protected":false},"excerpt":{"rendered":"<p>Victor Hugo, que esteve no BBB 2020, recentemente foi diagnosticado com o novo coronav\u00edrus e precisou ser transferido para uma UTI, devido a pneumonia que tamb\u00e9m contraiu. Flayslane, ex-colega de confinamento, foi apontada indiretamente como culpada e resolveu reagir \u00e0s cr\u00edticas. Logo quando soube da novidade, a cantora resolveu prestar apoio ao ex-BBB em seu &hellip;<\/p>\n","protected":false},"author":1,"featured_media":11601,"comment_status":"closed","ping_status":"closed","sticky":false,"template":"","format":"standard","meta":{"_jetpack_newsletter_access":"","_jetpack_dont_email_post_to_subs":false,"_jetpack_newsletter_tier_id":0,"_jetpack_memberships_contains_paywalled_content":false,"_jetpack_memberships_contains_paid_content":false,"footnotes":""},"categories":[1],"tags":[],"class_list":["post-11600","post","type-post","status-publish","format-standard","has-post-thumbnail","hentry","category-destaque"],"jetpack_sharing_enabled":true,"jetpack_featured_media_url":"","_links":{"self":[{"href":"https:\/\/www.oparanews.com.br\/index.php\/wp-json\/wp\/v2\/posts\/11600","targetHints":{"allow":["GET"]}}],"collection":[{"href":"https:\/\/www.oparanews.com.br\/index.php\/wp-json\/wp\/v2\/posts"}],"about":[{"href":"https:\/\/www.oparanews.com.br\/index.php\/wp-json\/wp\/v2\/types\/post"}],"author":[{"embeddable":true,"href":"https:\/\/www.oparanews.com.br\/index.php\/wp-json\/wp\/v2\/users\/1"}],"replies":[{"embeddable":true,"href":"https:\/\/www.oparanews.com.br\/index.php\/wp-json\/wp\/v2\/comments?post=11600"}],"version-history":[{"count":0,"href":"https:\/\/www.oparanews.com.br\/index.php\/wp-json\/wp\/v2\/posts\/11600\/revisions"}],"wp:attachment":[{"href":"https:\/\/www.oparanews.com.br\/index.php\/wp-json\/wp\/v2\/media?parent=11600"}],"wp:term":[{"taxonomy":"category","embeddable":true,"href":"https:\/\/www.oparanews.com.br\/index.php\/wp-json\/wp\/v2\/categories?post=11600"},{"taxonomy":"post_tag","embeddable":true,"href":"https:\/\/www.oparanews.com.br\/index.php\/wp-json\/wp\/v2\/tags?post=11600"}],"curies":[{"name":"wp","href":"https:\/\/api.w.org\/{rel}","templated":true}]}}