{"id":11606,"date":"2020-12-24T12:41:07","date_gmt":"2020-12-24T12:41:07","guid":{"rendered":"https:\/\/oparanews.com.br\/?p=11606"},"modified":"2020-12-24T12:41:07","modified_gmt":"2020-12-24T12:41:07","slug":"dupla-henrique-e-juliano-deixa-a-som-livre","status":"publish","type":"post","link":"https:\/\/www.oparanews.com.br\/index.php\/2020\/12\/24\/dupla-henrique-e-juliano-deixa-a-som-livre\/","title":{"rendered":"Dupla Henrique e Juliano deixa a Som Livre"},"content":{"rendered":"<p>A dupla Henrique e Juliano rompeu o contrato com a Som Livre, gravadora do Grupo Globo, e abriu o jogo sobre os cinco anos que passaram na empresa.<\/p>\n<p>Em entrevista ao colunista Leo Dias, eles lamentaram o fato de terem perdido os direitos sobre os DVDs e \u00e1lbuns antigos e soltaram o verbo.<\/p>\n<p>\u201cO motivo [de romper com a gravadora] era ser livre. N\u00e3o tem porque escolher o nome dela, Som Livre. Mas eu acho que n\u00e3o tinha liberdade\u201d, declararam.<\/p>\n<p>Agora, eles est\u00e3o trabalhando por conta pr\u00f3pria, mas disseram que aconselham os artistas que est\u00e3o come\u00e7ando a buscarem uma gravadora.<\/p>\n<p>Vale lembrar que, recentemente, eles fizeram uma live e, ao final da apresenta\u00e7\u00e3o, um dos irm\u00e3os usou o slogan de campanha do presidente Jair Bolsonaro (sem partido).<\/p>\n<p>\u201cBrasil acima de tudo, Deus acima de todos\u201d, disse Juliano antes do encerramento da apresenta\u00e7\u00e3o transmitida ao vivo.<\/p>\n<p>A dupla tocou acompanhada de outros dois m\u00fasicos, direto da Fazenda Terra Prometida, no Tocantins.<\/p>\n<p>\u201cQue durante esse tempo voc\u00eas usem a cabe\u00e7a, vejam o que est\u00e1 certo, o que est\u00e1 errado. Pense de verdade. Acho que, acima de tudo, temos um mal muito grande no nosso pa\u00eds e no mundo, que talvez tenha matado mais que o pr\u00f3prio v\u00edrus, que \u00e9 a mentira\u201d, destacou Henrique, antes da fala do irm\u00e3o.<\/p>\n<p>\u201cTalvez muita gente tem vivido de maneira errada justamente por conta dela. Temos que pensar demais, raciocinar sobre tudo, ir atr\u00e1s de tudo\u201d, completou o cantor.<\/p>\n<p>Nas redes sociais, Bolsonaro fez quest\u00e3o de reagir ao momento. \u201cFinal da live de hoje da dupla Henrique e Juliano. Boa noite a todos\u201d, escreveu o presidente no Twitter.<\/p>\n<p>&nbsp;<\/p>\n<p><strong>Fonte: RD1<\/strong><\/p>\n<p>&nbsp;<\/p>\n","protected":false},"excerpt":{"rendered":"<p>A dupla Henrique e Juliano rompeu o contrato com a Som Livre, gravadora do Grupo Globo, e abriu o jogo sobre os cinco anos que passaram na empresa. Em entrevista ao colunista Leo Dias, eles lamentaram o fato de terem perdido os direitos sobre os DVDs e \u00e1lbuns antigos e soltaram o verbo. \u201cO motivo &hellip;<\/p>\n","protected":false},"author":1,"featured_media":11607,"comment_status":"closed","ping_status":"closed","sticky":false,"template":"","format":"standard","meta":{"_jetpack_newsletter_access":"","_jetpack_dont_email_post_to_subs":false,"_jetpack_newsletter_tier_id":0,"_jetpack_memberships_contains_paywalled_content":false,"_jetpack_memberships_contains_paid_content":false,"footnotes":""},"categories":[1],"tags":[],"class_list":["post-11606","post","type-post","status-publish","format-standard","has-post-thumbnail","hentry","category-destaque"],"jetpack_sharing_enabled":true,"jetpack_featured_media_url":"","_links":{"self":[{"href":"https:\/\/www.oparanews.com.br\/index.php\/wp-json\/wp\/v2\/posts\/11606","targetHints":{"allow":["GET"]}}],"collection":[{"href":"https:\/\/www.oparanews.com.br\/index.php\/wp-json\/wp\/v2\/posts"}],"about":[{"href":"https:\/\/www.oparanews.com.br\/index.php\/wp-json\/wp\/v2\/types\/post"}],"author":[{"embeddable":true,"href":"https:\/\/www.oparanews.com.br\/index.php\/wp-json\/wp\/v2\/users\/1"}],"replies":[{"embeddable":true,"href":"https:\/\/www.oparanews.com.br\/index.php\/wp-json\/wp\/v2\/comments?post=11606"}],"version-history":[{"count":0,"href":"https:\/\/www.oparanews.com.br\/index.php\/wp-json\/wp\/v2\/posts\/11606\/revisions"}],"wp:attachment":[{"href":"https:\/\/www.oparanews.com.br\/index.php\/wp-json\/wp\/v2\/media?parent=11606"}],"wp:term":[{"taxonomy":"category","embeddable":true,"href":"https:\/\/www.oparanews.com.br\/index.php\/wp-json\/wp\/v2\/categories?post=11606"},{"taxonomy":"post_tag","embeddable":true,"href":"https:\/\/www.oparanews.com.br\/index.php\/wp-json\/wp\/v2\/tags?post=11606"}],"curies":[{"name":"wp","href":"https:\/\/api.w.org\/{rel}","templated":true}]}}