{"id":11612,"date":"2020-12-25T18:03:49","date_gmt":"2020-12-25T18:03:49","guid":{"rendered":"https:\/\/oparanews.com.br\/?p=11612"},"modified":"2020-12-25T18:03:49","modified_gmt":"2020-12-25T18:03:49","slug":"ex-bbb-victor-hugo-recebe-alta-medica-de-hospital-em-maceio-apos-diagnostico-de-covid-19","status":"publish","type":"post","link":"https:\/\/www.oparanews.com.br\/index.php\/2020\/12\/25\/ex-bbb-victor-hugo-recebe-alta-medica-de-hospital-em-maceio-apos-diagnostico-de-covid-19\/","title":{"rendered":"Ex-BBB Victor Hugo recebe alta em Macei\u00f3 ap\u00f3s ter Covid"},"content":{"rendered":"<p>O ex-BBB Victor Hugo Teixeira recebeu alta m\u00e9dica do Hospital Metropolitano de Alagoas nesta sexta-feira (25). Ele foi internado no \u00faltimo s\u00e1bado (19) ap\u00f3s contrair Covid-19. Ele postou nas redes sociais que estava de f\u00e9rias no estado.<\/p>\n<p>Ap\u00f3s o quadro da Covid-19 evoluir para uma pneumonia, o psic\u00f3logo foi transferido para a Unidade de Terapia Intensiva (UTI) da unidade. Na quinta (24), ele apresentou melhora e deixou a UTI para se tratar em um leito de enfermaria.<\/p>\n<p>Segundo a Secretaria de Estado da Sa\u00fade (Sesau), Victor recebeu recomenda\u00e7\u00f5es m\u00e9dicas para finalizar o seu tratamento em isolamento domiciliar.<\/p>\n<p>Victor Hugo participou, recentemente, de uma live de Lucas Guimar\u00e3es com Carlinhos Maia e se reuniu com outros participantes do Big Brother Brasil (BBB) como Daniel Lenhardt, Gui Napolitano e Gabi Martins.<\/p>\n<p>Victor Hugo tem 25 anos e \u00e9 natural de Imperatriz, interior do Maranh\u00e3o. Teve uma inf\u00e2ncia t\u00edmida, acompanhando os shows da banda de forr\u00f3 dos pais, mas logo que come\u00e7ou a atuar ao lado deles como backing vocal a timidez ficou no passado. J\u00e1 adulto, mudou-se para S\u00e3o Paulo, onde mora atualmente, para estudar. Hoje \u00e9 psic\u00f3logo e cientista da \u00e1rea de sa\u00fade p\u00fablica.<\/p>\n<p>&nbsp;<\/p>\n<p><strong>Fonte: G1\/AL<\/strong><\/p>\n<p>&nbsp;<\/p>\n","protected":false},"excerpt":{"rendered":"<p>O ex-BBB Victor Hugo Teixeira recebeu alta m\u00e9dica do Hospital Metropolitano de Alagoas nesta sexta-feira (25). Ele foi internado no \u00faltimo s\u00e1bado (19) ap\u00f3s contrair Covid-19. Ele postou nas redes sociais que estava de f\u00e9rias no estado. Ap\u00f3s o quadro da Covid-19 evoluir para uma pneumonia, o psic\u00f3logo foi transferido para a Unidade de Terapia &hellip;<\/p>\n","protected":false},"author":1,"featured_media":11527,"comment_status":"closed","ping_status":"closed","sticky":false,"template":"","format":"standard","meta":{"_jetpack_newsletter_access":"","_jetpack_dont_email_post_to_subs":false,"_jetpack_newsletter_tier_id":0,"_jetpack_memberships_contains_paywalled_content":false,"_jetpack_memberships_contains_paid_content":false,"footnotes":""},"categories":[1],"tags":[],"class_list":["post-11612","post","type-post","status-publish","format-standard","has-post-thumbnail","hentry","category-destaque"],"jetpack_sharing_enabled":true,"jetpack_featured_media_url":"","_links":{"self":[{"href":"https:\/\/www.oparanews.com.br\/index.php\/wp-json\/wp\/v2\/posts\/11612","targetHints":{"allow":["GET"]}}],"collection":[{"href":"https:\/\/www.oparanews.com.br\/index.php\/wp-json\/wp\/v2\/posts"}],"about":[{"href":"https:\/\/www.oparanews.com.br\/index.php\/wp-json\/wp\/v2\/types\/post"}],"author":[{"embeddable":true,"href":"https:\/\/www.oparanews.com.br\/index.php\/wp-json\/wp\/v2\/users\/1"}],"replies":[{"embeddable":true,"href":"https:\/\/www.oparanews.com.br\/index.php\/wp-json\/wp\/v2\/comments?post=11612"}],"version-history":[{"count":0,"href":"https:\/\/www.oparanews.com.br\/index.php\/wp-json\/wp\/v2\/posts\/11612\/revisions"}],"wp:attachment":[{"href":"https:\/\/www.oparanews.com.br\/index.php\/wp-json\/wp\/v2\/media?parent=11612"}],"wp:term":[{"taxonomy":"category","embeddable":true,"href":"https:\/\/www.oparanews.com.br\/index.php\/wp-json\/wp\/v2\/categories?post=11612"},{"taxonomy":"post_tag","embeddable":true,"href":"https:\/\/www.oparanews.com.br\/index.php\/wp-json\/wp\/v2\/tags?post=11612"}],"curies":[{"name":"wp","href":"https:\/\/api.w.org\/{rel}","templated":true}]}}