{"id":11614,"date":"2020-12-25T18:06:33","date_gmt":"2020-12-25T18:06:33","guid":{"rendered":"https:\/\/oparanews.com.br\/?p=11614"},"modified":"2020-12-25T18:06:33","modified_gmt":"2020-12-25T18:06:33","slug":"acidente-entre-van-de-transporte-complementar-e-caminhao-deixa-uma-pessoa-ferida","status":"publish","type":"post","link":"https:\/\/www.oparanews.com.br\/index.php\/2020\/12\/25\/acidente-entre-van-de-transporte-complementar-e-caminhao-deixa-uma-pessoa-ferida\/","title":{"rendered":"Acidente entre van de transporte complementar e caminh\u00e3o deixa uma pessoa ferida"},"content":{"rendered":"<p>Uma van de transporte complementar bateu na manh\u00e3 desta sexta-feira (25) na traseira de um caminh\u00e3o na AL-101 Sul, em Marechal Deodoro, regi\u00e3o metropolitana de Macei\u00f3. Uma pessoa ficou ferida e foi levada para o Hospital Geral do Estado (HGE).<\/p>\n<p>De acordo com o Batalh\u00e3o de Pol\u00edcia Rodovi\u00e1rio (BPRv), o motorista da van passou de vez em uma lombada e bateu na traseira do caminh\u00e3o, onde o condutor ficou ferido. Ele foi socorrido pelo Servi\u00e7o de Atendimento M\u00f3vel de Urg\u00eancia (Samu).<\/p>\n<p>N\u00e3o h\u00e1 informa\u00e7\u00f5es sobre o seu estado de sa\u00fade.<\/p>\n<p>&nbsp;<\/p>\n<p><strong>Fonte: G1\/AL<\/strong><\/p>\n<p>&nbsp;<\/p>\n","protected":false},"excerpt":{"rendered":"<p>Uma van de transporte complementar bateu na manh\u00e3 desta sexta-feira (25) na traseira de um caminh\u00e3o na AL-101 Sul, em Marechal Deodoro, regi\u00e3o metropolitana de Macei\u00f3. Uma pessoa ficou ferida e foi levada para o Hospital Geral do Estado (HGE). De acordo com o Batalh\u00e3o de Pol\u00edcia Rodovi\u00e1rio (BPRv), o motorista da van passou de &hellip;<\/p>\n","protected":false},"author":1,"featured_media":11615,"comment_status":"closed","ping_status":"closed","sticky":false,"template":"","format":"standard","meta":{"_jetpack_newsletter_access":"","_jetpack_dont_email_post_to_subs":false,"_jetpack_newsletter_tier_id":0,"_jetpack_memberships_contains_paywalled_content":false,"_jetpack_memberships_contains_paid_content":false,"footnotes":""},"categories":[1],"tags":[],"class_list":["post-11614","post","type-post","status-publish","format-standard","has-post-thumbnail","hentry","category-destaque"],"jetpack_sharing_enabled":true,"jetpack_featured_media_url":"","_links":{"self":[{"href":"https:\/\/www.oparanews.com.br\/index.php\/wp-json\/wp\/v2\/posts\/11614","targetHints":{"allow":["GET"]}}],"collection":[{"href":"https:\/\/www.oparanews.com.br\/index.php\/wp-json\/wp\/v2\/posts"}],"about":[{"href":"https:\/\/www.oparanews.com.br\/index.php\/wp-json\/wp\/v2\/types\/post"}],"author":[{"embeddable":true,"href":"https:\/\/www.oparanews.com.br\/index.php\/wp-json\/wp\/v2\/users\/1"}],"replies":[{"embeddable":true,"href":"https:\/\/www.oparanews.com.br\/index.php\/wp-json\/wp\/v2\/comments?post=11614"}],"version-history":[{"count":0,"href":"https:\/\/www.oparanews.com.br\/index.php\/wp-json\/wp\/v2\/posts\/11614\/revisions"}],"wp:attachment":[{"href":"https:\/\/www.oparanews.com.br\/index.php\/wp-json\/wp\/v2\/media?parent=11614"}],"wp:term":[{"taxonomy":"category","embeddable":true,"href":"https:\/\/www.oparanews.com.br\/index.php\/wp-json\/wp\/v2\/categories?post=11614"},{"taxonomy":"post_tag","embeddable":true,"href":"https:\/\/www.oparanews.com.br\/index.php\/wp-json\/wp\/v2\/tags?post=11614"}],"curies":[{"name":"wp","href":"https:\/\/api.w.org\/{rel}","templated":true}]}}