{"id":11621,"date":"2020-12-25T18:13:07","date_gmt":"2020-12-25T18:13:07","guid":{"rendered":"https:\/\/oparanews.com.br\/?p=11621"},"modified":"2020-12-25T18:13:07","modified_gmt":"2020-12-25T18:13:07","slug":"gilmar-mendes-defende-vacinacao-urgente-em-todo-o-pais","status":"publish","type":"post","link":"https:\/\/www.oparanews.com.br\/index.php\/2020\/12\/25\/gilmar-mendes-defende-vacinacao-urgente-em-todo-o-pais\/","title":{"rendered":"Gilmar Mendes defende vacina\u00e7\u00e3o &#8216;urgente&#8217; em todo o Pa\u00eds"},"content":{"rendered":"<p>O ministro do Supremo Tribunal Federal (STF) Gilmar Mendes foi \u00e0s redes sociais no Dia de Natal defender a urg\u00eancia da vacina\u00e7\u00e3o contra a covid-19 em todo o Brasil. Ele teceu ainda cr\u00edticas \u00e0 arena ideol\u00f3gica que se formou em torno do tema.<\/p>\n<p>&#8220;Vacinas n\u00e3o possuem ideologia. Sua fun\u00e7\u00e3o cient\u00edfica \u00e9 salvar vidas, como h\u00e1 tantos anos o fazem. Quase 190 mil j\u00e1 se foram pela #COVID19&#8221;, escreveu o ministro do STF, em seu perfil no Twitter. &#8220;A imuniza\u00e7\u00e3o \u00e9 urgente e deve abarcar todo o Pa\u00eds. Devemos confiar nos crit\u00e9rios de prioridade estabelecidos pelas autoridades sanit\u00e1rias&#8221;, acrescentou.<\/p>\n<p>O posicionamento de Gilmar Mendes refor\u00e7a a press\u00e3o contra o governo na quest\u00e3o das vacinas. Ontem, o presidente Jair Bolsonaro voltou a se manifestar sobre o tema ao levantar d\u00favidas sobre a efic\u00e1cia da imuniza\u00e7\u00e3o patrocinada pelo governador de S\u00e3o Paulo, Jo\u00e3o Doria (PSDB). &#8220;A efic\u00e1cia daquela vacina em S\u00e3o Paulo parece que est\u00e1 l\u00e1 embaixo, n\u00e9?&#8221;, disse, em transmiss\u00e3o ao vivo nas redes sociais.<\/p>\n<p>Enquanto v\u00e1rios pa\u00edses j\u00e1 iniciaram a vacina\u00e7\u00e3o, o Brasil ainda n\u00e3o tem uma data oficial para come\u00e7ar a campanha de imuniza\u00e7\u00e3o dos brasileiros contra a covid-19. Ficou para tr\u00e1s, inclusive, na Am\u00e9rica Latina, com pa\u00edses como M\u00e9xico, Costa Rica e Chile j\u00e1 aplicando as primeiras doses nesta quinta-feira, dia 24.<\/p>\n<p>&nbsp;<\/p>\n<p><strong>Fonte: Terra<\/strong><\/p>\n<p>&nbsp;<\/p>\n","protected":false},"excerpt":{"rendered":"<p>O ministro do Supremo Tribunal Federal (STF) Gilmar Mendes foi \u00e0s redes sociais no Dia de Natal defender a urg\u00eancia da vacina\u00e7\u00e3o contra a covid-19 em todo o Brasil. Ele teceu ainda cr\u00edticas \u00e0 arena ideol\u00f3gica que se formou em torno do tema. &#8220;Vacinas n\u00e3o possuem ideologia. Sua fun\u00e7\u00e3o cient\u00edfica \u00e9 salvar vidas, como h\u00e1 &hellip;<\/p>\n","protected":false},"author":1,"featured_media":11622,"comment_status":"closed","ping_status":"closed","sticky":false,"template":"","format":"standard","meta":{"_jetpack_newsletter_access":"","_jetpack_dont_email_post_to_subs":false,"_jetpack_newsletter_tier_id":0,"_jetpack_memberships_contains_paywalled_content":false,"_jetpack_memberships_contains_paid_content":false,"footnotes":""},"categories":[1],"tags":[],"class_list":["post-11621","post","type-post","status-publish","format-standard","has-post-thumbnail","hentry","category-destaque"],"jetpack_sharing_enabled":true,"jetpack_featured_media_url":"","_links":{"self":[{"href":"https:\/\/www.oparanews.com.br\/index.php\/wp-json\/wp\/v2\/posts\/11621","targetHints":{"allow":["GET"]}}],"collection":[{"href":"https:\/\/www.oparanews.com.br\/index.php\/wp-json\/wp\/v2\/posts"}],"about":[{"href":"https:\/\/www.oparanews.com.br\/index.php\/wp-json\/wp\/v2\/types\/post"}],"author":[{"embeddable":true,"href":"https:\/\/www.oparanews.com.br\/index.php\/wp-json\/wp\/v2\/users\/1"}],"replies":[{"embeddable":true,"href":"https:\/\/www.oparanews.com.br\/index.php\/wp-json\/wp\/v2\/comments?post=11621"}],"version-history":[{"count":0,"href":"https:\/\/www.oparanews.com.br\/index.php\/wp-json\/wp\/v2\/posts\/11621\/revisions"}],"wp:attachment":[{"href":"https:\/\/www.oparanews.com.br\/index.php\/wp-json\/wp\/v2\/media?parent=11621"}],"wp:term":[{"taxonomy":"category","embeddable":true,"href":"https:\/\/www.oparanews.com.br\/index.php\/wp-json\/wp\/v2\/categories?post=11621"},{"taxonomy":"post_tag","embeddable":true,"href":"https:\/\/www.oparanews.com.br\/index.php\/wp-json\/wp\/v2\/tags?post=11621"}],"curies":[{"name":"wp","href":"https:\/\/api.w.org\/{rel}","templated":true}]}}