{"id":11630,"date":"2020-12-25T18:58:03","date_gmt":"2020-12-25T18:58:03","guid":{"rendered":"https:\/\/oparanews.com.br\/?p=11630"},"modified":"2020-12-25T18:58:03","modified_gmt":"2020-12-25T18:58:03","slug":"apos-festa-de-carlinhos-maia-47-funcionarios-estao-com-covid-19-diz-colunista","status":"publish","type":"post","link":"https:\/\/www.oparanews.com.br\/index.php\/2020\/12\/25\/apos-festa-de-carlinhos-maia-47-funcionarios-estao-com-covid-19-diz-colunista\/","title":{"rendered":"Ap\u00f3s festa de Carlinhos Maia, 47 funcion\u00e1rios est\u00e3o com Covid-19, diz colunista"},"content":{"rendered":"<p>Carlinhos Maia segue sendo criticado nas redes sociais por realizar uma festa de Natal com dezenas de convidados em plena pandemia de coronav\u00edrus. De acordo com o colunista Erlan Bastos, 47 funcion\u00e1rios que participaram da festa foram diagnosticados com Covid-19 e dois dele est\u00e3o internados na UTI.<\/p>\n<p>Entre os famosos presentes na festa estavam Lucas Guimar\u00e3es, Camila Loures, Ariadna Arantes, Gabi Martins, Gizelly Bicalho, Matheus Mazzafera, Gui Napolitano, Vanessa Gi\u00e1como e Mileide Mihaile &#8211; que est\u00e1 com Covid-19 e passou o Natal isolada em um quarto.<\/p>\n<p>De acordo com o colunista, n\u00e3o foi feita testagem de coronav\u00edrus em todos os convidados e n\u00e3o foi exigido o uso de m\u00e1scara no local. Segundo ele, ainda h\u00e1 influenciadores que est\u00e3o &#8220;escondendo&#8221; o diagn\u00f3stico de coronav\u00edrus ap\u00f3s participar do evento.<\/p>\n<p>No Instagram, Carlinhos mostrou que conversou com a empresa que organizou a festa, que negou os 47 supostos infectados (assista abaixo). &#8220;\u00c9 mentira. Est\u00e1 todo mundo ok. A mulher que contratou todo mundo [falando que n\u00e3o tem infectados].&#8221;<\/p>\n<h2 class=\"share__subtitle\"><\/h2>\n<p><strong>Fonte: Quem\/Globo.com<\/strong><\/p>\n","protected":false},"excerpt":{"rendered":"<p>Carlinhos Maia segue sendo criticado nas redes sociais por realizar uma festa de Natal com dezenas de convidados em plena pandemia de coronav\u00edrus. De acordo com o colunista Erlan Bastos, 47 funcion\u00e1rios que participaram da festa foram diagnosticados com Covid-19 e dois dele est\u00e3o internados na UTI. Entre os famosos presentes na festa estavam Lucas &hellip;<\/p>\n","protected":false},"author":1,"featured_media":11631,"comment_status":"closed","ping_status":"closed","sticky":false,"template":"","format":"standard","meta":{"_jetpack_newsletter_access":"","_jetpack_dont_email_post_to_subs":false,"_jetpack_newsletter_tier_id":0,"_jetpack_memberships_contains_paywalled_content":false,"_jetpack_memberships_contains_paid_content":false,"footnotes":""},"categories":[1],"tags":[],"class_list":["post-11630","post","type-post","status-publish","format-standard","has-post-thumbnail","hentry","category-destaque"],"jetpack_sharing_enabled":true,"jetpack_featured_media_url":"","_links":{"self":[{"href":"https:\/\/www.oparanews.com.br\/index.php\/wp-json\/wp\/v2\/posts\/11630","targetHints":{"allow":["GET"]}}],"collection":[{"href":"https:\/\/www.oparanews.com.br\/index.php\/wp-json\/wp\/v2\/posts"}],"about":[{"href":"https:\/\/www.oparanews.com.br\/index.php\/wp-json\/wp\/v2\/types\/post"}],"author":[{"embeddable":true,"href":"https:\/\/www.oparanews.com.br\/index.php\/wp-json\/wp\/v2\/users\/1"}],"replies":[{"embeddable":true,"href":"https:\/\/www.oparanews.com.br\/index.php\/wp-json\/wp\/v2\/comments?post=11630"}],"version-history":[{"count":0,"href":"https:\/\/www.oparanews.com.br\/index.php\/wp-json\/wp\/v2\/posts\/11630\/revisions"}],"wp:attachment":[{"href":"https:\/\/www.oparanews.com.br\/index.php\/wp-json\/wp\/v2\/media?parent=11630"}],"wp:term":[{"taxonomy":"category","embeddable":true,"href":"https:\/\/www.oparanews.com.br\/index.php\/wp-json\/wp\/v2\/categories?post=11630"},{"taxonomy":"post_tag","embeddable":true,"href":"https:\/\/www.oparanews.com.br\/index.php\/wp-json\/wp\/v2\/tags?post=11630"}],"curies":[{"name":"wp","href":"https:\/\/api.w.org\/{rel}","templated":true}]}}