{"id":11633,"date":"2020-12-26T20:28:39","date_gmt":"2020-12-26T20:28:39","guid":{"rendered":"https:\/\/oparanews.com.br\/?p=11633"},"modified":"2020-12-26T20:28:39","modified_gmt":"2020-12-26T20:28:39","slug":"alagoas-confirma-mais-sete-mortes-por-covid-19","status":"publish","type":"post","link":"https:\/\/www.oparanews.com.br\/index.php\/2020\/12\/26\/alagoas-confirma-mais-sete-mortes-por-covid-19\/","title":{"rendered":"Alagoas confirma mais sete mortes por Covid-19"},"content":{"rendered":"<p>Alagoas confirmou 298 novos casos e mais sete mortes por Covid-19, segundo o boletim epidemiol\u00f3gico da Secretaria de Estado da Sa\u00fade (Sesau) deste s\u00e1bado (26).<\/p>\n<p>Desde o come\u00e7o da pandemia, o estado registrou 103.125 casos confirmados e 2.454 \u00f3bitos de pessoas por Covid-19.<\/p>\n<p>O total de casos suspeitos est\u00e1 em 9.341.<\/p>\n<p>Do total de infectados no estado, 2.107 est\u00e3o em isolamento domiciliar e 98.253 se recuperaram da doen\u00e7a.<\/p>\n<p>At\u00e9 a noite de Natal, a taxa de ocupa\u00e7\u00e3o de leitos para pacientes com suspeita ou confirma\u00e7\u00e3o de Covid-19 estava em 37%. J\u00e1 a ocupa\u00e7\u00e3o de leitos de UTI para Covid-19 estava em 47%.<\/p>\n<p>Mais sete mortes por Covid-19<\/p>\n<p>Macei\u00f3: Mulher, 80 anos \u2013 sem comorbidades<br \/>\nMacei\u00f3: Mulher, 89 anos \u2013 sem comorbidades<br \/>\nMacei\u00f3: Mulher, 105 anos \u2013 imunossuprimida<br \/>\nMacei\u00f3: Homem, 72 anos \u2013 diab\u00e9tico e doen\u00e7a cardiovascular<br \/>\nCra\u00edbas: Homem, 33 anos \u2013 ex-etilista<br \/>\nRoteiro: Homem, 70 anos \u2013 tabagista<br \/>\nPalmeira dos \u00cdndios: Homem, 71 anos \u2013 diab\u00e9tico e doen\u00e7a cardiovascular<\/p>\n<p>&nbsp;<\/p>\n<p><strong>Fonte: G1\/AL<\/strong><\/p>\n<p>&nbsp;<\/p>\n","protected":false},"excerpt":{"rendered":"<p>Alagoas confirmou 298 novos casos e mais sete mortes por Covid-19, segundo o boletim epidemiol\u00f3gico da Secretaria de Estado da Sa\u00fade (Sesau) deste s\u00e1bado (26). Desde o come\u00e7o da pandemia, o estado registrou 103.125 casos confirmados e 2.454 \u00f3bitos de pessoas por Covid-19. O total de casos suspeitos est\u00e1 em 9.341. Do total de infectados &hellip;<\/p>\n","protected":false},"author":1,"featured_media":8832,"comment_status":"closed","ping_status":"closed","sticky":false,"template":"","format":"standard","meta":{"_jetpack_newsletter_access":"","_jetpack_dont_email_post_to_subs":false,"_jetpack_newsletter_tier_id":0,"_jetpack_memberships_contains_paywalled_content":false,"_jetpack_memberships_contains_paid_content":false,"footnotes":""},"categories":[1],"tags":[],"class_list":["post-11633","post","type-post","status-publish","format-standard","has-post-thumbnail","hentry","category-destaque"],"jetpack_sharing_enabled":true,"jetpack_featured_media_url":"","_links":{"self":[{"href":"https:\/\/www.oparanews.com.br\/index.php\/wp-json\/wp\/v2\/posts\/11633","targetHints":{"allow":["GET"]}}],"collection":[{"href":"https:\/\/www.oparanews.com.br\/index.php\/wp-json\/wp\/v2\/posts"}],"about":[{"href":"https:\/\/www.oparanews.com.br\/index.php\/wp-json\/wp\/v2\/types\/post"}],"author":[{"embeddable":true,"href":"https:\/\/www.oparanews.com.br\/index.php\/wp-json\/wp\/v2\/users\/1"}],"replies":[{"embeddable":true,"href":"https:\/\/www.oparanews.com.br\/index.php\/wp-json\/wp\/v2\/comments?post=11633"}],"version-history":[{"count":0,"href":"https:\/\/www.oparanews.com.br\/index.php\/wp-json\/wp\/v2\/posts\/11633\/revisions"}],"wp:attachment":[{"href":"https:\/\/www.oparanews.com.br\/index.php\/wp-json\/wp\/v2\/media?parent=11633"}],"wp:term":[{"taxonomy":"category","embeddable":true,"href":"https:\/\/www.oparanews.com.br\/index.php\/wp-json\/wp\/v2\/categories?post=11633"},{"taxonomy":"post_tag","embeddable":true,"href":"https:\/\/www.oparanews.com.br\/index.php\/wp-json\/wp\/v2\/tags?post=11633"}],"curies":[{"name":"wp","href":"https:\/\/api.w.org\/{rel}","templated":true}]}}