{"id":11644,"date":"2020-12-26T20:49:14","date_gmt":"2020-12-26T20:49:14","guid":{"rendered":"https:\/\/oparanews.com.br\/?p=11644"},"modified":"2020-12-26T20:49:14","modified_gmt":"2020-12-26T20:49:14","slug":"carlinhos-maia-e-detonado-por-felipe-neto-e-rafinha-bastos","status":"publish","type":"post","link":"https:\/\/www.oparanews.com.br\/index.php\/2020\/12\/26\/carlinhos-maia-e-detonado-por-felipe-neto-e-rafinha-bastos\/","title":{"rendered":"Carlinhos Maia \u00e9 detonado por Felipe Neto e Rafinha Bastos"},"content":{"rendered":"<p>Ap\u00f3s realizar uma festa para mais de cem convidados em plena pandemia do coronav\u00edrus, Carlinhos Maia foi alvo de muitas cr\u00edticas na internet.<\/p>\n<p>Apesar de negar a not\u00edcia de que 47 pessoas que trabalharam na festa foram contaminadas pela Covid-19, Maia foi duramente criticado por Felipe Neto no Twitter.<\/p>\n<p>\u201c\u2019Parab\u00e9ns a todos os envolvidos. Agora multiplica esse n\u00famero, pensando em quantas pessoas devem ter sido infectadas pelas pessoas que pegaram na festa. Ser\u00e1 q a consci\u00eancia pesa? Eu duvido\u201d, escreveu Felipe. O youtuber ainda acrescentou: \u201c\u2019Se for provado que a not\u00edcia das 47 pessoas infectadas na festa do demonho \u00e9 fake, eu virei aqui me retratar. Isso n\u00e3o tirar\u00e1 a irresponsabilidade e desumanidade do cidad\u00e3o, que \u00e9 corriqueira e todo mundo sabe. Detalhe: ele me chamou de \u2018ela\u2019 e \u2018bee\u2019, ser\u00e1 que ele pensa que isso ofende?\u201d.<\/p>\n<p>Revoltado com as cr\u00edticas de Felipe Neto, Carlinhos Maia rebateu o youtuber. \u201dDem\u00f4nio \u00e9 seu c*, uma peste dessa que passou a vida toda falando mal de todo mundo. Errado pra c* tamb\u00e9m, vive julgando os outros!! Sai do meu p\u00e9 chul\u00e9&#8217;\u201d, respondeu ele.<\/p>\n<p>Carlinhos ainda foi alvo de cr\u00edticas de Rafinha Bastos e Felipe Castanhari. \u201cEsse Carlinhos Maia tem que acabar\u201d, escreveu Bastos. Maia respondeu dizendo: \u201cEspere sentado fedorento\u201d. J\u00e1 Castanhari disse: \u201cO mundo \u00e9 um pouco pior com o Carlinhos Maia\u201d. O influenciador tamb\u00e9m respondeu Felipe e falou: \u201cL\u00e1 vem o frank sten jr\u201d.<\/p>\n<p>&nbsp;<\/p>\n<p><strong>Fonte: ISTO\u00c9 Gente<br \/>\n<\/strong><\/p>\n<p>&nbsp;<\/p>\n","protected":false},"excerpt":{"rendered":"<p>Ap\u00f3s realizar uma festa para mais de cem convidados em plena pandemia do coronav\u00edrus, Carlinhos Maia foi alvo de muitas cr\u00edticas na internet. Apesar de negar a not\u00edcia de que 47 pessoas que trabalharam na festa foram contaminadas pela Covid-19, Maia foi duramente criticado por Felipe Neto no Twitter. \u201c\u2019Parab\u00e9ns a todos os envolvidos. Agora &hellip;<\/p>\n","protected":false},"author":1,"featured_media":11645,"comment_status":"closed","ping_status":"closed","sticky":false,"template":"","format":"standard","meta":{"_jetpack_newsletter_access":"","_jetpack_dont_email_post_to_subs":false,"_jetpack_newsletter_tier_id":0,"_jetpack_memberships_contains_paywalled_content":false,"_jetpack_memberships_contains_paid_content":false,"footnotes":""},"categories":[1],"tags":[],"class_list":["post-11644","post","type-post","status-publish","format-standard","has-post-thumbnail","hentry","category-destaque"],"jetpack_sharing_enabled":true,"jetpack_featured_media_url":"","_links":{"self":[{"href":"https:\/\/www.oparanews.com.br\/index.php\/wp-json\/wp\/v2\/posts\/11644","targetHints":{"allow":["GET"]}}],"collection":[{"href":"https:\/\/www.oparanews.com.br\/index.php\/wp-json\/wp\/v2\/posts"}],"about":[{"href":"https:\/\/www.oparanews.com.br\/index.php\/wp-json\/wp\/v2\/types\/post"}],"author":[{"embeddable":true,"href":"https:\/\/www.oparanews.com.br\/index.php\/wp-json\/wp\/v2\/users\/1"}],"replies":[{"embeddable":true,"href":"https:\/\/www.oparanews.com.br\/index.php\/wp-json\/wp\/v2\/comments?post=11644"}],"version-history":[{"count":0,"href":"https:\/\/www.oparanews.com.br\/index.php\/wp-json\/wp\/v2\/posts\/11644\/revisions"}],"wp:attachment":[{"href":"https:\/\/www.oparanews.com.br\/index.php\/wp-json\/wp\/v2\/media?parent=11644"}],"wp:term":[{"taxonomy":"category","embeddable":true,"href":"https:\/\/www.oparanews.com.br\/index.php\/wp-json\/wp\/v2\/categories?post=11644"},{"taxonomy":"post_tag","embeddable":true,"href":"https:\/\/www.oparanews.com.br\/index.php\/wp-json\/wp\/v2\/tags?post=11644"}],"curies":[{"name":"wp","href":"https:\/\/api.w.org\/{rel}","templated":true}]}}