{"id":11650,"date":"2020-12-27T23:55:58","date_gmt":"2020-12-27T23:55:58","guid":{"rendered":"https:\/\/oparanews.com.br\/?p=11650"},"modified":"2020-12-27T23:55:58","modified_gmt":"2020-12-27T23:55:58","slug":"alagoas-confirma-mais-426-novos-casos-e-sete-mortes-por-covid-19","status":"publish","type":"post","link":"https:\/\/www.oparanews.com.br\/index.php\/2020\/12\/27\/alagoas-confirma-mais-426-novos-casos-e-sete-mortes-por-covid-19\/","title":{"rendered":"Alagoas confirma mais 426 novos casos e sete mortes por Covid-19"},"content":{"rendered":"<p>Alagoas confirmou mais 426 casos e sete mortes pela Covid-19 nas \u00faltimas 24 horas. Os n\u00fameros foram divulgados neste domingo (27) pela Secretaria de Estado da Sa\u00fade (Sesau). Os novos registros fizeram o n\u00famero de pessoas que tiveram a doen\u00e7a confirmada subir para 103.551 e o de mortes para 2.461.<\/p>\n<p>De acordo com o boletim epidemiol\u00f3gico, 2.065 pessoas est\u00e3o em isolamento domiciliar e h\u00e1 8.911 casos em investiga\u00e7\u00e3o laboratorial.<\/p>\n<p>Das pessoas que foram infectadas, 98.718 se recuperaram da doen\u00e7a.<\/p>\n<p>Das sete mortes registradas, quatro eram de pacientes que moravam em Macei\u00f3. As tr\u00eas outras pessoas eram do interior.<\/p>\n<p><strong>Leitos de Covid-19<\/strong><\/p>\n<p>O boletim de ocupa\u00e7\u00e3o de leitos para Covid-19 mostrou que 40% estavam ocupados at\u00e9 o s\u00e1bado (26). Ao considerar somente os leitos de UTI, 49% estavam ocupados.<\/p>\n<p><strong>Mais sete mortes por Covid-19<\/strong><\/p>\n<p>Macei\u00f3: homem, 34 anos \u2013 renal cr\u00f4nico<br \/>\nMacei\u00f3: homem, 56 anos \u2013 diab\u00e9tico<br \/>\nMacei\u00f3: homem, 62 anos \u2013 hipertenso e diab\u00e9tico<br \/>\nMacei\u00f3: homem, 81 anos \u2013 hipertenso e card\u00edaco<br \/>\nIgreja Nova: homem, 41 anos \u2013 sem comorbidades<br \/>\nMarechal Deodoro: homem, 55 anos \u2013 diab\u00e9tico<br \/>\nArapiraca: homem, 75 anos \u2013 sem comorbidades<\/p>\n<p>&nbsp;<\/p>\n<p><strong>Fonte: G1\/AL<\/strong><\/p>\n<p>&nbsp;<\/p>\n","protected":false},"excerpt":{"rendered":"<p>Alagoas confirmou mais 426 casos e sete mortes pela Covid-19 nas \u00faltimas 24 horas. Os n\u00fameros foram divulgados neste domingo (27) pela Secretaria de Estado da Sa\u00fade (Sesau). Os novos registros fizeram o n\u00famero de pessoas que tiveram a doen\u00e7a confirmada subir para 103.551 e o de mortes para 2.461. De acordo com o boletim &hellip;<\/p>\n","protected":false},"author":1,"featured_media":7389,"comment_status":"closed","ping_status":"closed","sticky":false,"template":"","format":"standard","meta":{"_jetpack_newsletter_access":"","_jetpack_dont_email_post_to_subs":false,"_jetpack_newsletter_tier_id":0,"_jetpack_memberships_contains_paywalled_content":false,"_jetpack_memberships_contains_paid_content":false,"footnotes":""},"categories":[1],"tags":[],"class_list":["post-11650","post","type-post","status-publish","format-standard","has-post-thumbnail","hentry","category-destaque"],"jetpack_sharing_enabled":true,"jetpack_featured_media_url":"","_links":{"self":[{"href":"https:\/\/www.oparanews.com.br\/index.php\/wp-json\/wp\/v2\/posts\/11650","targetHints":{"allow":["GET"]}}],"collection":[{"href":"https:\/\/www.oparanews.com.br\/index.php\/wp-json\/wp\/v2\/posts"}],"about":[{"href":"https:\/\/www.oparanews.com.br\/index.php\/wp-json\/wp\/v2\/types\/post"}],"author":[{"embeddable":true,"href":"https:\/\/www.oparanews.com.br\/index.php\/wp-json\/wp\/v2\/users\/1"}],"replies":[{"embeddable":true,"href":"https:\/\/www.oparanews.com.br\/index.php\/wp-json\/wp\/v2\/comments?post=11650"}],"version-history":[{"count":0,"href":"https:\/\/www.oparanews.com.br\/index.php\/wp-json\/wp\/v2\/posts\/11650\/revisions"}],"wp:attachment":[{"href":"https:\/\/www.oparanews.com.br\/index.php\/wp-json\/wp\/v2\/media?parent=11650"}],"wp:term":[{"taxonomy":"category","embeddable":true,"href":"https:\/\/www.oparanews.com.br\/index.php\/wp-json\/wp\/v2\/categories?post=11650"},{"taxonomy":"post_tag","embeddable":true,"href":"https:\/\/www.oparanews.com.br\/index.php\/wp-json\/wp\/v2\/tags?post=11650"}],"curies":[{"name":"wp","href":"https:\/\/api.w.org\/{rel}","templated":true}]}}