{"id":11655,"date":"2020-12-28T00:04:51","date_gmt":"2020-12-28T00:04:51","guid":{"rendered":"https:\/\/oparanews.com.br\/?p=11655"},"modified":"2020-12-28T00:04:51","modified_gmt":"2020-12-28T00:04:51","slug":"pazuello-diz-que-estados-receberao-vacina-simultaneamente","status":"publish","type":"post","link":"https:\/\/www.oparanews.com.br\/index.php\/2020\/12\/28\/pazuello-diz-que-estados-receberao-vacina-simultaneamente\/","title":{"rendered":"Pazuello diz que estados receber\u00e3o vacina simultaneamente"},"content":{"rendered":"<p>O ministro da Sa\u00fade, Eduardo Pazuello, disse, durante entrevista ao programa Brasil em Pauta, da TV Brasil, que todos os estados receber\u00e3o a vacina simultaneamente. &#8220;Independentemente da quantidade da vacina, ela ser\u00e1 distribu\u00edda igualitariamente dentro da proporcionalidade dos estados&#8221;.<\/p>\n<p>A previs\u00e3o do Minist\u00e9rio da Sa\u00fade \u00e9 que 24,7 milh\u00f5es de doses de vacinas estejam dispon\u00edveis em janeiro. &#8220;O cronograma de distribui\u00e7\u00e3o e imuniza\u00e7\u00e3o \u00e9 um anexo do nosso plano de imuniza\u00e7\u00e3o&#8221;, disse Pazuello, ao acrescentar que o cronograma pode sofrer mudan\u00e7as. &#8220;Voc\u00ea faz a previs\u00e3o quando contrata, mas \u00e0s vezes adianta, \u00e0s vezes atrasa, e a gente vai atualizando esse cronograma.&#8221;<\/p>\n<p>A expectativa de Pazuello \u00e9 que alguns grupos priorit\u00e1rios comecem a receber a primeira dose da vacina contra a covid-19 no final de janeiro. A vacina\u00e7\u00e3o em massa deve come\u00e7ar a partir de fevereiro.<\/p>\n<p>Segundo o ministro, a vacina\u00e7\u00e3o da popula\u00e7\u00e3o em geral deve come\u00e7ar cerca de quatro meses ap\u00f3s o t\u00e9rmino da imuniza\u00e7\u00e3o dos grupos priorit\u00e1rios.<\/p>\n<p>&#8220;S\u00e3o quatro grandes grupos priorit\u00e1rios e, ap\u00f3s esses grupos priorit\u00e1rios, que a gente visualiza 30 dias para cada grupo priorit\u00e1rio, a gente come\u00e7a a vacinar a popula\u00e7\u00e3o dentro das faixas et\u00e1rias&#8221;, disse Pazzuelo. Segundo o ministro, esses 30 dias seriam suficientes para aplicar as duas doses da vacina.<\/p>\n<p>Segundo o Plano Nacional de Imuniza\u00e7\u00e3o, nas primeiras fases ser\u00e3o vacinados grupos espec\u00edficos, como trabalhadores da sa\u00fade, idosos, pessoas com comorbidades, profissionais de seguran\u00e7a, ind\u00edgenas e quilombolas.<\/p>\n<p>&#8220;N\u00f3s temos contratos firmados com quatro a cinco laborat\u00f3rios, e eles v\u00e3o nos dando toda essa cronologia, atualizando nosso cronograma, mas o principal n\u00famero, a principal data \u00e9 que at\u00e9 o final de janeiro n\u00f3s teremos vacinas iniciais, algumas em car\u00e1ter emergencial, e a vacina\u00e7\u00e3o em massa, j\u00e1 com registro, a partir de fevereiro&#8221;, disse o ministro.<\/p>\n<p>Pazuello explicou que o minist\u00e9rio provavelmente vai receber mais de um tipo de imunizante, mas as pessoas receber\u00e3o as duas doses da vacina de um mesmo laborat\u00f3rio, at\u00e9 porque s\u00e3o de tecnologias diferentes. &#8220;N\u00f3s vamos monitorar todas essas aplica\u00e7\u00f5es para que a segunda dose seja dada efetivamente de um mesmo laborat\u00f3rio que aquela pessoa tomou. Isso \u00e9 um grande processo de controle e monitoramento.&#8221;<\/p>\n<p>O ministro garantiu que a vacina ser\u00e1 volunt\u00e1ria e disponibilizada, de forma gratuita, nas salas de vacina\u00e7\u00e3o em cada munic\u00edpio. &#8220;N\u00f3s vacinaremos todos os brasileiros de forma igualit\u00e1ria, de forma proporcional ao n\u00famero de pessoas por estado e de gra\u00e7a. Confiem nisso, confiem na estrutura do SUS [Sistema \u00danico de Sa\u00fade], confiem de que aqui existem pessoas que est\u00e3o realmente trabalhando diuturnamente para que a gente tenha a vacina distribu\u00edda o mais r\u00e1pido poss\u00edvel e a todos os brasileiros.&#8221;<\/p>\n<p>&nbsp;<\/p>\n<p><strong>Fonte: com Ag\u00eancia Brasil<\/strong><\/p>\n<p>&nbsp;<\/p>\n","protected":false},"excerpt":{"rendered":"<p>O ministro da Sa\u00fade, Eduardo Pazuello, disse, durante entrevista ao programa Brasil em Pauta, da TV Brasil, que todos os estados receber\u00e3o a vacina simultaneamente. &#8220;Independentemente da quantidade da vacina, ela ser\u00e1 distribu\u00edda igualitariamente dentro da proporcionalidade dos estados&#8221;. A previs\u00e3o do Minist\u00e9rio da Sa\u00fade \u00e9 que 24,7 milh\u00f5es de doses de vacinas estejam dispon\u00edveis &hellip;<\/p>\n","protected":false},"author":1,"featured_media":11656,"comment_status":"closed","ping_status":"closed","sticky":false,"template":"","format":"standard","meta":{"_jetpack_newsletter_access":"","_jetpack_dont_email_post_to_subs":false,"_jetpack_newsletter_tier_id":0,"_jetpack_memberships_contains_paywalled_content":false,"_jetpack_memberships_contains_paid_content":false,"footnotes":""},"categories":[1],"tags":[],"class_list":["post-11655","post","type-post","status-publish","format-standard","has-post-thumbnail","hentry","category-destaque"],"jetpack_sharing_enabled":true,"jetpack_featured_media_url":"","_links":{"self":[{"href":"https:\/\/www.oparanews.com.br\/index.php\/wp-json\/wp\/v2\/posts\/11655","targetHints":{"allow":["GET"]}}],"collection":[{"href":"https:\/\/www.oparanews.com.br\/index.php\/wp-json\/wp\/v2\/posts"}],"about":[{"href":"https:\/\/www.oparanews.com.br\/index.php\/wp-json\/wp\/v2\/types\/post"}],"author":[{"embeddable":true,"href":"https:\/\/www.oparanews.com.br\/index.php\/wp-json\/wp\/v2\/users\/1"}],"replies":[{"embeddable":true,"href":"https:\/\/www.oparanews.com.br\/index.php\/wp-json\/wp\/v2\/comments?post=11655"}],"version-history":[{"count":0,"href":"https:\/\/www.oparanews.com.br\/index.php\/wp-json\/wp\/v2\/posts\/11655\/revisions"}],"wp:attachment":[{"href":"https:\/\/www.oparanews.com.br\/index.php\/wp-json\/wp\/v2\/media?parent=11655"}],"wp:term":[{"taxonomy":"category","embeddable":true,"href":"https:\/\/www.oparanews.com.br\/index.php\/wp-json\/wp\/v2\/categories?post=11655"},{"taxonomy":"post_tag","embeddable":true,"href":"https:\/\/www.oparanews.com.br\/index.php\/wp-json\/wp\/v2\/tags?post=11655"}],"curies":[{"name":"wp","href":"https:\/\/api.w.org\/{rel}","templated":true}]}}