{"id":11664,"date":"2020-12-28T00:15:26","date_gmt":"2020-12-28T00:15:26","guid":{"rendered":"https:\/\/oparanews.com.br\/?p=11664"},"modified":"2020-12-28T00:15:26","modified_gmt":"2020-12-28T00:15:26","slug":"mourao-e-diagnosticado-com-covid-19","status":"publish","type":"post","link":"https:\/\/www.oparanews.com.br\/index.php\/2020\/12\/28\/mourao-e-diagnosticado-com-covid-19\/","title":{"rendered":"Mour\u00e3o \u00e9 diagnosticado com covid-19"},"content":{"rendered":"<p>O vice-presidente Hamilton Mour\u00e3o foi diagnosticado neste domingo, 27, com covid-19. Segundo comunicado da assessoria de comunica\u00e7\u00e3o, Mour\u00e3o &#8220;permanecer\u00e1 em isolamento na resid\u00eancia oficial do Jaburu&#8221;. A nota oficial divulgada pela equipe do vice n\u00e3o faz men\u00e7\u00e3o sobre o quadro de sa\u00fade atual nem cita datas de eventuais surgimentos de sintomas antes do diagn\u00f3stico.<\/p>\n<p>Nos \u00faltimos dias, a agenda do vice n\u00e3o trazia compromissos oficiais.<\/p>\n<p>Diferentemente da postura adotada pelo presidente Jair Bolsonaro, Mour\u00e3o costuma comparecer a eventos p\u00fablicos utilizando m\u00e1scara de prote\u00e7\u00e3o facial, como recomendam as autoridades sanit\u00e1rias.<\/p>\n<p>At\u00e9 agora, 14 ministros do governo Bolsonaro contra\u00edram o novo coronav\u00edrus. Em julho, o presidente Jair Bolsonaro informou que contraiu a covid-19. Na \u00e9poca, o resultado positivo do chefe do Executivo ganhou repercuss\u00e3o internacional e obrigou a c\u00fapula do governo a tamb\u00e9m fazer novos testes.<\/p>\n<p>De acordo com o Minist\u00e9rio da Sa\u00fade, h\u00e1 7,48 milh\u00f5es de infec\u00e7\u00f5es confirmadas no Pa\u00eds at\u00e9 hoje.<\/p>\n<p>&nbsp;<\/p>\n<p><strong>Fonte: Terra<\/strong><\/p>\n<p>&nbsp;<\/p>\n","protected":false},"excerpt":{"rendered":"<p>O vice-presidente Hamilton Mour\u00e3o foi diagnosticado neste domingo, 27, com covid-19. Segundo comunicado da assessoria de comunica\u00e7\u00e3o, Mour\u00e3o &#8220;permanecer\u00e1 em isolamento na resid\u00eancia oficial do Jaburu&#8221;. A nota oficial divulgada pela equipe do vice n\u00e3o faz men\u00e7\u00e3o sobre o quadro de sa\u00fade atual nem cita datas de eventuais surgimentos de sintomas antes do diagn\u00f3stico. Nos &hellip;<\/p>\n","protected":false},"author":1,"featured_media":11665,"comment_status":"closed","ping_status":"closed","sticky":false,"template":"","format":"standard","meta":{"_jetpack_newsletter_access":"","_jetpack_dont_email_post_to_subs":false,"_jetpack_newsletter_tier_id":0,"_jetpack_memberships_contains_paywalled_content":false,"_jetpack_memberships_contains_paid_content":false,"footnotes":""},"categories":[1],"tags":[],"class_list":["post-11664","post","type-post","status-publish","format-standard","has-post-thumbnail","hentry","category-destaque"],"jetpack_sharing_enabled":true,"jetpack_featured_media_url":"","_links":{"self":[{"href":"https:\/\/www.oparanews.com.br\/index.php\/wp-json\/wp\/v2\/posts\/11664","targetHints":{"allow":["GET"]}}],"collection":[{"href":"https:\/\/www.oparanews.com.br\/index.php\/wp-json\/wp\/v2\/posts"}],"about":[{"href":"https:\/\/www.oparanews.com.br\/index.php\/wp-json\/wp\/v2\/types\/post"}],"author":[{"embeddable":true,"href":"https:\/\/www.oparanews.com.br\/index.php\/wp-json\/wp\/v2\/users\/1"}],"replies":[{"embeddable":true,"href":"https:\/\/www.oparanews.com.br\/index.php\/wp-json\/wp\/v2\/comments?post=11664"}],"version-history":[{"count":0,"href":"https:\/\/www.oparanews.com.br\/index.php\/wp-json\/wp\/v2\/posts\/11664\/revisions"}],"wp:attachment":[{"href":"https:\/\/www.oparanews.com.br\/index.php\/wp-json\/wp\/v2\/media?parent=11664"}],"wp:term":[{"taxonomy":"category","embeddable":true,"href":"https:\/\/www.oparanews.com.br\/index.php\/wp-json\/wp\/v2\/categories?post=11664"},{"taxonomy":"post_tag","embeddable":true,"href":"https:\/\/www.oparanews.com.br\/index.php\/wp-json\/wp\/v2\/tags?post=11664"}],"curies":[{"name":"wp","href":"https:\/\/api.w.org\/{rel}","templated":true}]}}