{"id":11676,"date":"2020-12-28T16:57:28","date_gmt":"2020-12-28T16:57:28","guid":{"rendered":"https:\/\/oparanews.com.br\/?p=11676"},"modified":"2020-12-28T16:57:28","modified_gmt":"2020-12-28T16:57:28","slug":"bprv-registra-13-acidentes-no-feriadao-de-natal-em-alagoas","status":"publish","type":"post","link":"https:\/\/www.oparanews.com.br\/index.php\/2020\/12\/28\/bprv-registra-13-acidentes-no-feriadao-de-natal-em-alagoas\/","title":{"rendered":"BPRv registra 13 acidentes no feriad\u00e3o de Natal em Alagoas"},"content":{"rendered":"<p>O Batalh\u00e3o de Pol\u00edcia Rodovi\u00e1rio (BPRv) registrou 13 acidentes durante os quatro dias do feriad\u00e3o de Natal. 18 pessoas ficaram feridas. O balan\u00e7o do n\u00famero de acidentes de tr\u00e2nsito nas rodovias estaduais foi divulgado nesta segunda-feira (28).<\/p>\n<p>Os dados s\u00e3o de quinta-feira (24) at\u00e9 domingo (27). De acordo com o balan\u00e7o do BPRv, na quinta n\u00e3o foi registrado acidente.<\/p>\n<p>3 acidentes na sexta-feira (25)<\/p>\n<p>Marechal Deodoro: colis\u00e3o traseira na AL-101 Sul; uma pessoa ficou ferida.<br \/>\nArapiraca: acidente na AL-110; sem feridos.<br \/>\nAtalaia: acidente na AL-410; duas pessoas ficaram feridas.<\/p>\n<p>6 acidentes no s\u00e1bado (26)<\/p>\n<p>Barra de S\u00e3o Miguel: colis\u00e3o traseira na AL-101 Sul; uma pessoa ficou ferida.<br \/>\nIgaci: tombamento de caminh\u00e3o na AL-115; duas pessoas feridas em Igaci.<br \/>\nBarra de Santo Ant\u00f4nio: colis\u00e3o frontal na AL-101 Norte; uma pessoa ferida.<br \/>\nMaragogi: colis\u00e3o traseira; uma pessoa ferida.<br \/>\nMarechal Deodoro: acidente na AL-101 Sul.<br \/>\nMarechal Deodoro: acidente na AL-215; uma pessoa ferida.<\/p>\n<p>4 acidentes no domingo (27)<\/p>\n<p>Campo Grande: na AL-115, um acidente envolvendo um jumento deixou uma pessoa ferida. O animal morreu.<br \/>\nP\u00e3o de A\u00e7\u00facar: Na AL-130, cinco pessoas ficaram feridas em uma colis\u00e3o transversal.<br \/>\nGirau do Ponciano: duas pessoas ficaram feridas em uma colis\u00e3o transversal na AL-115.<br \/>\nCoit\u00e9 do N\u00f3ia: um carro saiu da pista e caiu em uma ribanceira; n\u00e3o houve feridos.<\/p>\n<p>&nbsp;<\/p>\n<p><strong>Fonte: G1\/AL<\/strong><\/p>\n<p>&nbsp;<\/p>\n","protected":false},"excerpt":{"rendered":"<p>O Batalh\u00e3o de Pol\u00edcia Rodovi\u00e1rio (BPRv) registrou 13 acidentes durante os quatro dias do feriad\u00e3o de Natal. 18 pessoas ficaram feridas. O balan\u00e7o do n\u00famero de acidentes de tr\u00e2nsito nas rodovias estaduais foi divulgado nesta segunda-feira (28). Os dados s\u00e3o de quinta-feira (24) at\u00e9 domingo (27). De acordo com o balan\u00e7o do BPRv, na quinta &hellip;<\/p>\n","protected":false},"author":1,"featured_media":11677,"comment_status":"closed","ping_status":"closed","sticky":false,"template":"","format":"standard","meta":{"_jetpack_newsletter_access":"","_jetpack_dont_email_post_to_subs":false,"_jetpack_newsletter_tier_id":0,"_jetpack_memberships_contains_paywalled_content":false,"_jetpack_memberships_contains_paid_content":false,"footnotes":""},"categories":[1],"tags":[],"class_list":["post-11676","post","type-post","status-publish","format-standard","has-post-thumbnail","hentry","category-destaque"],"jetpack_sharing_enabled":true,"jetpack_featured_media_url":"","_links":{"self":[{"href":"https:\/\/www.oparanews.com.br\/index.php\/wp-json\/wp\/v2\/posts\/11676","targetHints":{"allow":["GET"]}}],"collection":[{"href":"https:\/\/www.oparanews.com.br\/index.php\/wp-json\/wp\/v2\/posts"}],"about":[{"href":"https:\/\/www.oparanews.com.br\/index.php\/wp-json\/wp\/v2\/types\/post"}],"author":[{"embeddable":true,"href":"https:\/\/www.oparanews.com.br\/index.php\/wp-json\/wp\/v2\/users\/1"}],"replies":[{"embeddable":true,"href":"https:\/\/www.oparanews.com.br\/index.php\/wp-json\/wp\/v2\/comments?post=11676"}],"version-history":[{"count":0,"href":"https:\/\/www.oparanews.com.br\/index.php\/wp-json\/wp\/v2\/posts\/11676\/revisions"}],"wp:attachment":[{"href":"https:\/\/www.oparanews.com.br\/index.php\/wp-json\/wp\/v2\/media?parent=11676"}],"wp:term":[{"taxonomy":"category","embeddable":true,"href":"https:\/\/www.oparanews.com.br\/index.php\/wp-json\/wp\/v2\/categories?post=11676"},{"taxonomy":"post_tag","embeddable":true,"href":"https:\/\/www.oparanews.com.br\/index.php\/wp-json\/wp\/v2\/tags?post=11676"}],"curies":[{"name":"wp","href":"https:\/\/api.w.org\/{rel}","templated":true}]}}