{"id":11681,"date":"2020-12-29T00:56:18","date_gmt":"2020-12-29T00:56:18","guid":{"rendered":"https:\/\/oparanews.com.br\/?p=11681"},"modified":"2020-12-29T00:56:18","modified_gmt":"2020-12-29T00:56:18","slug":"homem-processa-carlinhos-maia-apos-ser-ridicularizado-pelo-humorista","status":"publish","type":"post","link":"https:\/\/www.oparanews.com.br\/index.php\/2020\/12\/29\/homem-processa-carlinhos-maia-apos-ser-ridicularizado-pelo-humorista\/","title":{"rendered":"Homem processa Carlinhos Maia ap\u00f3s ser ridicularizado pelo humorista"},"content":{"rendered":"<p><span style=\"color: #000000;\"><a style=\"color: #000000;\" href=\"https:\/\/observatoriodosfamosos.uol.com.br\/colunas\/erlan-bastos\/apos-natal-da-vila-de-carlinhos-maia-47-funcionarios-estao-com-covid-19?amp\" rel=\"amphtml\">Carlinhos <\/a><a style=\"color: #000000;\" href=\"https:\/\/observatoriodosfamosos.uol.com.br\/colunas\/erlan-bastos\/apos-natal-da-vila-de-carlinhos-maia-47-funcionarios-estao-com-covid-19?amp\" rel=\"amphtml\">Maia<\/a><\/span>\u00a0novamente est\u00e1 envolvido em outro esc\u00e2ndalo na Justi\u00e7a, a coluna obteve acesso ao caso com\u00a0<strong>exclusividade<\/strong>. Desta vez o influenciador digital e humorista est\u00e1 sendo processado por um homem que afirma ter sido ridicularizado pelo artista. No processo judicial o homem pede uma indeniza\u00e7\u00e3o por danos morais, exibi\u00e7\u00e3o de imagens sem permiss\u00e3o e por coment\u00e1rios vexat\u00f3rios cumulados com liminar.<\/p>\n<p>O valor da indeniza\u00e7\u00e3o \u00e9 de dez mil reais, no processo tamb\u00e9m \u00e9 solicitado busca e apreens\u00e3o do material fotogr\u00e1fico, retrata\u00e7\u00e3o e consta como viola\u00e7\u00e3o do direito \u00e0 imagem configurada. Carlinhos Maia de acordo o processo obtido com\u00a0<span style=\"color: #000000;\"><a style=\"color: #000000;\" href=\"https:\/\/observatoriodosfamosos.uol.com.br\/colunas\/erlan-bastos\/carlinhos-maia-e-massacrado-por-fazer-aglomeracao-de-natal?amp\" rel=\"amphtml\">exclusividade<\/a><\/span>pela coluna, recebeu j\u00e1 a intima\u00e7\u00e3o de retirar a foto do an\u00f4nimo em sua p\u00e1gina do Facebook e demais redes sociais.<\/p>\n<p>Os coment\u00e1rios na postagem feita pelo humorista expondo o rapaz s\u00e3o recheadas de coment\u00e1rios ofensivos. O homem \u00e9 chamado \u201dbranquelo\u201d, \u201dpobre\u201d e \u201ccoitado\u201d. Na audi\u00eancia de concilia\u00e7\u00e3o realizada de forma virtual devido ao COVID-19,\u00a0<span style=\"color: #000000;\"><a style=\"color: #000000;\" href=\"https:\/\/observatoriodosfamosos.uol.com.br\/colunas\/erlan-bastos\/ex-ministro-da-saude-fala-sobre-festa-de-carlinhos-maia-crime-sanitario?amp\" rel=\"amphtml\">Carlinhos Maia<\/a><a style=\"color: #000000;\" href=\"https:\/\/observatoriodosfamosos.uol.com.br\/colunas\/erlan-bastos\/ex-ministro-da-saude-fala-sobre-festa-de-carlinhos-maia-crime-sanitario?amp\" rel=\"amphtml\"> n\u00e3o compareceu<\/a><\/span>.\u00a0 O advogado dele alega que o influenciador digital n\u00e3o conseguiu conex\u00e3o [de internet] e que teve problemas com seu deslocamento para sua resid\u00eancia.<\/p>\n<p>&nbsp;<\/p>\n<p><strong>Por Erlan Bastos\/Observat\u00f3rio dos Famosos<\/strong><\/p>\n<p>&nbsp;<\/p>\n<p>&nbsp;<\/p>\n","protected":false},"excerpt":{"rendered":"<p>Carlinhos Maia\u00a0novamente est\u00e1 envolvido em outro esc\u00e2ndalo na Justi\u00e7a, a coluna obteve acesso ao caso com\u00a0exclusividade. Desta vez o influenciador digital e humorista est\u00e1 sendo processado por um homem que afirma ter sido ridicularizado pelo artista. No processo judicial o homem pede uma indeniza\u00e7\u00e3o por danos morais, exibi\u00e7\u00e3o de imagens sem permiss\u00e3o e por coment\u00e1rios &hellip;<\/p>\n","protected":false},"author":1,"featured_media":11682,"comment_status":"closed","ping_status":"closed","sticky":false,"template":"","format":"standard","meta":{"_jetpack_newsletter_access":"","_jetpack_dont_email_post_to_subs":false,"_jetpack_newsletter_tier_id":0,"_jetpack_memberships_contains_paywalled_content":false,"_jetpack_memberships_contains_paid_content":false,"footnotes":""},"categories":[1],"tags":[],"class_list":["post-11681","post","type-post","status-publish","format-standard","has-post-thumbnail","hentry","category-destaque"],"jetpack_sharing_enabled":true,"jetpack_featured_media_url":"","_links":{"self":[{"href":"https:\/\/www.oparanews.com.br\/index.php\/wp-json\/wp\/v2\/posts\/11681","targetHints":{"allow":["GET"]}}],"collection":[{"href":"https:\/\/www.oparanews.com.br\/index.php\/wp-json\/wp\/v2\/posts"}],"about":[{"href":"https:\/\/www.oparanews.com.br\/index.php\/wp-json\/wp\/v2\/types\/post"}],"author":[{"embeddable":true,"href":"https:\/\/www.oparanews.com.br\/index.php\/wp-json\/wp\/v2\/users\/1"}],"replies":[{"embeddable":true,"href":"https:\/\/www.oparanews.com.br\/index.php\/wp-json\/wp\/v2\/comments?post=11681"}],"version-history":[{"count":0,"href":"https:\/\/www.oparanews.com.br\/index.php\/wp-json\/wp\/v2\/posts\/11681\/revisions"}],"wp:attachment":[{"href":"https:\/\/www.oparanews.com.br\/index.php\/wp-json\/wp\/v2\/media?parent=11681"}],"wp:term":[{"taxonomy":"category","embeddable":true,"href":"https:\/\/www.oparanews.com.br\/index.php\/wp-json\/wp\/v2\/categories?post=11681"},{"taxonomy":"post_tag","embeddable":true,"href":"https:\/\/www.oparanews.com.br\/index.php\/wp-json\/wp\/v2\/tags?post=11681"}],"curies":[{"name":"wp","href":"https:\/\/api.w.org\/{rel}","templated":true}]}}