{"id":11692,"date":"2020-12-29T12:56:06","date_gmt":"2020-12-29T12:56:06","guid":{"rendered":"https:\/\/oparanews.com.br\/?p=11692"},"modified":"2020-12-29T12:56:06","modified_gmt":"2020-12-29T12:56:06","slug":"diego-costa-rescinde-contrato-com-atletico-por-motivos-pessoais","status":"publish","type":"post","link":"https:\/\/www.oparanews.com.br\/index.php\/2020\/12\/29\/diego-costa-rescinde-contrato-com-atletico-por-motivos-pessoais\/","title":{"rendered":"Diego Costa rescinde contrato com Atl\u00e9tico por &#8216;motivos pessoais&#8217;"},"content":{"rendered":"<p>Diego Costa n\u00e3o \u00e9 mais jogador do Atl\u00e9tico de Madrid. O atacante brasileiro naturalizado espanhol de 32 anos rescindiu nesta ter\u00e7a-feira o seu contrato, que iria at\u00e9 o dia 30 de junho de 2021.<\/p>\n<p>Segundo comunicado, Diego Costa solicitou a desvincula\u00e7\u00e3o do contrato por motivos pessoais h\u00e1 alguns dias. O Atl\u00e9tico agradeceu a sua entrega durante o per\u00edodo em que vestiu a camisa do clube e desejou sorte em sua pr\u00f3xima etapa na carreira.<\/p>\n<p>Diego Costa defendeu o Atl\u00e9tico de Madrid num total de 215 jogos e marcou 84 gols em tr\u00eas passagens diferentes. Na atual temporada, no entanto, estava sem espa\u00e7o, tendo entrado em campo apenas sete vezes (duas como titular). Ele fez dois gols.<\/p>\n<p>Diego Costa conquistou seis t\u00edtulos pelo Atl\u00e9tico: um do Campeonato Espanhol (2013\/14), um da Liga Europa (2017\/18), tr\u00eas da Supercopa da Europa (2010, 2012 e 2018) e um da Copa do Rei (2012\/13).<\/p>\n<p>De acordo com o jornal &#8220;Marca&#8221;, o Atl\u00e9tico imp\u00f4s uma multa de \u20ac 15 milh\u00f5es (R$ 96,3 milh\u00f5es na cota\u00e7\u00e3o atual) a Diego Costa caso assine com algum clube que dispute a Liga dos Campe\u00f5es ou o Campeonato Espanhol.<\/p>\n<p>&nbsp;<\/p>\n<p><strong>Fonte: GE<\/strong><\/p>\n<p>&nbsp;<\/p>\n","protected":false},"excerpt":{"rendered":"<p>Diego Costa n\u00e3o \u00e9 mais jogador do Atl\u00e9tico de Madrid. O atacante brasileiro naturalizado espanhol de 32 anos rescindiu nesta ter\u00e7a-feira o seu contrato, que iria at\u00e9 o dia 30 de junho de 2021. Segundo comunicado, Diego Costa solicitou a desvincula\u00e7\u00e3o do contrato por motivos pessoais h\u00e1 alguns dias. O Atl\u00e9tico agradeceu a sua entrega &hellip;<\/p>\n","protected":false},"author":1,"featured_media":11693,"comment_status":"closed","ping_status":"closed","sticky":false,"template":"","format":"standard","meta":{"_jetpack_newsletter_access":"","_jetpack_dont_email_post_to_subs":false,"_jetpack_newsletter_tier_id":0,"_jetpack_memberships_contains_paywalled_content":false,"_jetpack_memberships_contains_paid_content":false,"footnotes":""},"categories":[1],"tags":[],"class_list":["post-11692","post","type-post","status-publish","format-standard","has-post-thumbnail","hentry","category-destaque"],"jetpack_sharing_enabled":true,"jetpack_featured_media_url":"","_links":{"self":[{"href":"https:\/\/www.oparanews.com.br\/index.php\/wp-json\/wp\/v2\/posts\/11692","targetHints":{"allow":["GET"]}}],"collection":[{"href":"https:\/\/www.oparanews.com.br\/index.php\/wp-json\/wp\/v2\/posts"}],"about":[{"href":"https:\/\/www.oparanews.com.br\/index.php\/wp-json\/wp\/v2\/types\/post"}],"author":[{"embeddable":true,"href":"https:\/\/www.oparanews.com.br\/index.php\/wp-json\/wp\/v2\/users\/1"}],"replies":[{"embeddable":true,"href":"https:\/\/www.oparanews.com.br\/index.php\/wp-json\/wp\/v2\/comments?post=11692"}],"version-history":[{"count":0,"href":"https:\/\/www.oparanews.com.br\/index.php\/wp-json\/wp\/v2\/posts\/11692\/revisions"}],"wp:attachment":[{"href":"https:\/\/www.oparanews.com.br\/index.php\/wp-json\/wp\/v2\/media?parent=11692"}],"wp:term":[{"taxonomy":"category","embeddable":true,"href":"https:\/\/www.oparanews.com.br\/index.php\/wp-json\/wp\/v2\/categories?post=11692"},{"taxonomy":"post_tag","embeddable":true,"href":"https:\/\/www.oparanews.com.br\/index.php\/wp-json\/wp\/v2\/tags?post=11692"}],"curies":[{"name":"wp","href":"https:\/\/api.w.org\/{rel}","templated":true}]}}