{"id":11695,"date":"2020-12-29T12:59:16","date_gmt":"2020-12-29T12:59:16","guid":{"rendered":"https:\/\/oparanews.com.br\/?p=11695"},"modified":"2020-12-29T12:59:16","modified_gmt":"2020-12-29T12:59:16","slug":"argentina-comeca-vacinacao-contra-covid-com-sputnik-v","status":"publish","type":"post","link":"https:\/\/www.oparanews.com.br\/index.php\/2020\/12\/29\/argentina-comeca-vacinacao-contra-covid-com-sputnik-v\/","title":{"rendered":"Argentina come\u00e7a vacina\u00e7\u00e3o contra Covid com Sputnik V"},"content":{"rendered":"<p>A Argentina come\u00e7ou, nesta ter\u00e7a-feira (29), a vacinar a popula\u00e7\u00e3o contra a Covid-19. Os primeiros imunizados ser\u00e3o profissionais de sa\u00fade. O pa\u00eds vai usar a Sputnik V, vacina desenvolvida por cientistas russos contra a doen\u00e7a.<\/p>\n<p>As primeiras 300 mil doses da vacina foram entregues na semana passada. Desse total, 123 mil \u2013 o equivalente a 41% \u2013 foram para a prov\u00edncia de Buenos Aires, vizinha \u00e0 capital. A cidade de Buenos Aires recebeu 23,1 mil doses. As outras foram divididas entre Santa Fe (24,1 mil), C\u00f3rdoba (21,9 mil), Tucum\u00e1n (11,5 mil), Mendoza (11 mil), Entre R\u00edos (10,1 mil) e Salta (8,3 mil).<\/p>\n<p>O acordo argentino com a R\u00fassia prev\u00ea a entrega de 25 milh\u00f5es de doses da Sputnik V, que precisa ser aplicada em duas doses.<\/p>\n<p>No s\u00e1bado (26), ao anunciar o lan\u00e7amento da campanha, o presidente Alberto Fern\u00e1ndez disse que a inten\u00e7\u00e3o era ter a &#8220;maior parte da popula\u00e7\u00e3o de risco vacinada&#8221; at\u00e9 o outono.<\/p>\n<p>&#8220;Enquanto isso, vamos nos cuidar e que todos entendam que o risco existe e que \u00e9 preciso evitar aglomera\u00e7\u00f5es&#8221;, completou Fern\u00e1ndez.<\/p>\n<p>O presidente argentino disse, ainda, que, para ampliar a confian\u00e7a da popula\u00e7\u00e3o na vacina russa, ele mesmo seria o primeiro a ser vacinado.<\/p>\n<p>O M\u00e9xico, o Chile e a Costa Rica s\u00e3o os outros pa\u00edses da Am\u00e9rica Latina que j\u00e1 come\u00e7aram a vacinar a popula\u00e7\u00e3o.<\/p>\n<p>&nbsp;<\/p>\n<p><strong>Fonte: G1<\/strong><\/p>\n<p>&nbsp;<\/p>\n","protected":false},"excerpt":{"rendered":"<p>A Argentina come\u00e7ou, nesta ter\u00e7a-feira (29), a vacinar a popula\u00e7\u00e3o contra a Covid-19. Os primeiros imunizados ser\u00e3o profissionais de sa\u00fade. O pa\u00eds vai usar a Sputnik V, vacina desenvolvida por cientistas russos contra a doen\u00e7a. As primeiras 300 mil doses da vacina foram entregues na semana passada. Desse total, 123 mil \u2013 o equivalente a &hellip;<\/p>\n","protected":false},"author":1,"featured_media":11696,"comment_status":"closed","ping_status":"closed","sticky":false,"template":"","format":"standard","meta":{"_jetpack_newsletter_access":"","_jetpack_dont_email_post_to_subs":false,"_jetpack_newsletter_tier_id":0,"_jetpack_memberships_contains_paywalled_content":false,"_jetpack_memberships_contains_paid_content":false,"footnotes":""},"categories":[1],"tags":[],"class_list":["post-11695","post","type-post","status-publish","format-standard","has-post-thumbnail","hentry","category-destaque"],"jetpack_sharing_enabled":true,"jetpack_featured_media_url":"","_links":{"self":[{"href":"https:\/\/www.oparanews.com.br\/index.php\/wp-json\/wp\/v2\/posts\/11695","targetHints":{"allow":["GET"]}}],"collection":[{"href":"https:\/\/www.oparanews.com.br\/index.php\/wp-json\/wp\/v2\/posts"}],"about":[{"href":"https:\/\/www.oparanews.com.br\/index.php\/wp-json\/wp\/v2\/types\/post"}],"author":[{"embeddable":true,"href":"https:\/\/www.oparanews.com.br\/index.php\/wp-json\/wp\/v2\/users\/1"}],"replies":[{"embeddable":true,"href":"https:\/\/www.oparanews.com.br\/index.php\/wp-json\/wp\/v2\/comments?post=11695"}],"version-history":[{"count":0,"href":"https:\/\/www.oparanews.com.br\/index.php\/wp-json\/wp\/v2\/posts\/11695\/revisions"}],"wp:attachment":[{"href":"https:\/\/www.oparanews.com.br\/index.php\/wp-json\/wp\/v2\/media?parent=11695"}],"wp:term":[{"taxonomy":"category","embeddable":true,"href":"https:\/\/www.oparanews.com.br\/index.php\/wp-json\/wp\/v2\/categories?post=11695"},{"taxonomy":"post_tag","embeddable":true,"href":"https:\/\/www.oparanews.com.br\/index.php\/wp-json\/wp\/v2\/tags?post=11695"}],"curies":[{"name":"wp","href":"https:\/\/api.w.org\/{rel}","templated":true}]}}