{"id":11698,"date":"2020-12-29T13:05:21","date_gmt":"2020-12-29T13:05:21","guid":{"rendered":"https:\/\/oparanews.com.br\/?p=11698"},"modified":"2020-12-29T13:05:21","modified_gmt":"2020-12-29T13:05:21","slug":"carla-diaz-fala-sobre-descoberta-de-nodulo-maligno","status":"publish","type":"post","link":"https:\/\/www.oparanews.com.br\/index.php\/2020\/12\/29\/carla-diaz-fala-sobre-descoberta-de-nodulo-maligno\/","title":{"rendered":"Carla Diaz fala sobre descoberta de n\u00f3dulo maligno"},"content":{"rendered":"<p>Em meados desse ano, a atriz Carla Diaz foi diagnosticada com um n\u00f3dulo maligno na tireoide e, no \u00faltimo s\u00e1bado (26), a atriz se emocionou ao comentar sobre o assunto durante a participa\u00e7\u00e3o no programa \u201cAltas Horas\u201d, na TV Globo.<\/p>\n<p>Feliz por ter superada a fase complicada, a beldade comentou que, foi muito dif\u00edcil receber a not\u00edcia, j\u00e1 que achava que podia controlar a sua vida intensa de compromissos.<\/p>\n<p>\u201cAgora eu estou bem, estou curada. Acho que essa pandemia veio para fazer todo mundo parar e repensar sobre a vida. A gente acha, pelo menos eu achava, que eu tinha o controle da minha vida, da minha rotina, da minha agenda. E a\u00ed veio a pandemia bem no momento que eu ia estrear dois filmes e a vida me fez parar e olhar para o meu corpo\u201d, comentou a musa de 30 anos.<\/p>\n<p>Em seguida, a artista que est\u00e1 no ar na reprise de \u201cA For\u00e7a do Querer\u201d, afirmou que o programa de Serginho Groisman foi o primeiro lugar onde comentou sobre a situa\u00e7\u00e3o abertamente.<\/p>\n<p>\u201c\u00c9 o primeiro programa que eu estou abrindo isso, falando diretamente, e eu fa\u00e7o quest\u00e3o de falar porque n\u00e3o \u00e9 f\u00e1cil. Quem passa por algo assim, quem v\u00ea a fragilidade da vida, pesa bastante\u201d, disse ela.<\/p>\n<p>Para concluir o assunto, a loira afirmou que, \u00e9 sempre importante a observa\u00e7\u00e3o com o corpo e claro, o autocuidado para que tudo fique bem o quanto antes.<\/p>\n<p>\u201cEu sei quantas noites eu fiquei sem dormir, o quanto eu tive medo. Mas eu tive muita f\u00e9 e muita for\u00e7a para seguir em frente. E o foco de saber que ia dar certo. Fica minha mensagem: olhar para o nosso corpo, ele fala e ele sente. Agora pude completar 30 anos com esse aprendizado\u201d, desabafou a influenciadora.<\/p>\n<p>&nbsp;<\/p>\n<p><strong>Fonte: Entret\u00ea\/Terra<\/strong><\/p>\n<p>&nbsp;<\/p>\n","protected":false},"excerpt":{"rendered":"<p>Em meados desse ano, a atriz Carla Diaz foi diagnosticada com um n\u00f3dulo maligno na tireoide e, no \u00faltimo s\u00e1bado (26), a atriz se emocionou ao comentar sobre o assunto durante a participa\u00e7\u00e3o no programa \u201cAltas Horas\u201d, na TV Globo. Feliz por ter superada a fase complicada, a beldade comentou que, foi muito dif\u00edcil receber &hellip;<\/p>\n","protected":false},"author":1,"featured_media":11699,"comment_status":"closed","ping_status":"closed","sticky":false,"template":"","format":"standard","meta":{"_jetpack_newsletter_access":"","_jetpack_dont_email_post_to_subs":false,"_jetpack_newsletter_tier_id":0,"_jetpack_memberships_contains_paywalled_content":false,"_jetpack_memberships_contains_paid_content":false,"footnotes":""},"categories":[1],"tags":[],"class_list":["post-11698","post","type-post","status-publish","format-standard","has-post-thumbnail","hentry","category-destaque"],"jetpack_sharing_enabled":true,"jetpack_featured_media_url":"","_links":{"self":[{"href":"https:\/\/www.oparanews.com.br\/index.php\/wp-json\/wp\/v2\/posts\/11698","targetHints":{"allow":["GET"]}}],"collection":[{"href":"https:\/\/www.oparanews.com.br\/index.php\/wp-json\/wp\/v2\/posts"}],"about":[{"href":"https:\/\/www.oparanews.com.br\/index.php\/wp-json\/wp\/v2\/types\/post"}],"author":[{"embeddable":true,"href":"https:\/\/www.oparanews.com.br\/index.php\/wp-json\/wp\/v2\/users\/1"}],"replies":[{"embeddable":true,"href":"https:\/\/www.oparanews.com.br\/index.php\/wp-json\/wp\/v2\/comments?post=11698"}],"version-history":[{"count":0,"href":"https:\/\/www.oparanews.com.br\/index.php\/wp-json\/wp\/v2\/posts\/11698\/revisions"}],"wp:attachment":[{"href":"https:\/\/www.oparanews.com.br\/index.php\/wp-json\/wp\/v2\/media?parent=11698"}],"wp:term":[{"taxonomy":"category","embeddable":true,"href":"https:\/\/www.oparanews.com.br\/index.php\/wp-json\/wp\/v2\/categories?post=11698"},{"taxonomy":"post_tag","embeddable":true,"href":"https:\/\/www.oparanews.com.br\/index.php\/wp-json\/wp\/v2\/tags?post=11698"}],"curies":[{"name":"wp","href":"https:\/\/api.w.org\/{rel}","templated":true}]}}