{"id":11701,"date":"2020-12-29T13:08:35","date_gmt":"2020-12-29T13:08:35","guid":{"rendered":"https:\/\/oparanews.com.br\/?p=11701"},"modified":"2020-12-29T13:08:35","modified_gmt":"2020-12-29T13:08:35","slug":"bolsonaro-defende-retorno-de-30-do-publico-aos-estadios","status":"publish","type":"post","link":"https:\/\/www.oparanews.com.br\/index.php\/2020\/12\/29\/bolsonaro-defende-retorno-de-30-do-publico-aos-estadios\/","title":{"rendered":"Bolsonaro defende retorno de 30% do p\u00fablico aos est\u00e1dios"},"content":{"rendered":"<p>Durante a participa\u00e7\u00e3o do evento &#8220;Natal Sem Fome&#8221;, na Vila Belmiro, em Santos, nesta segunda-feira (28), o presidente da Rep\u00fablica, Jair Bolsonaro (sem partido) voltou a defender o retorno do p\u00fablico nos est\u00e1dios de futebol.<\/p>\n<p>De acordo com o chefe do Executivo, ele teve uma conversa com o atual Ministro da Sa\u00fade, Eduardo Pazzuelo, onde obteve a aval para que as arenas esportivas comporte 30% da capacidade do p\u00fablico e criticou a postura da Confedera\u00e7\u00e3o Brasileira de Futebol em adiar a medida.<\/p>\n<p>&#8220;Opini\u00e3o particular, n\u00e3o, eu n\u00e3o sou cidad\u00e3o e presidente, sou presidente 24 horas por dia. Conversei com o ministro (Eduardo) Pazuello, acho que h\u00e1 uns dois meses, e ele deu parecer favor\u00e1vel, \u00e0quela \u00e9poca, de 30% do est\u00e1dio voltar a ser ocupado por torcedores. N\u00e3o sei porqu\u00ea a CBF resolveu adiar essa decis\u00e3o&#8221; disse Bolsonaro ao ser questionado pela reportagem.<\/p>\n<p>Jair Bolsonaro passar\u00e1 a \u00faltima semana de 2020 no Forte dos Andradas, no Guaruj\u00e1. O presidente chegou na Baixada Santista nesta tarde e veio de helic\u00f3ptero para a Vila Belmiro, onde atuou durante cinco minutos na partida e fez um gol.<\/p>\n<p>O l\u00edder nacional confirmou a sua presen\u00e7a no Maracan\u00e3 na final da Conmebol Libertadores, no dia 30 de janeiro. O torneio pode ter decis\u00e3o entre dois times brasileiros que est\u00e3o em chaves opostas nas semifinais, Santos e Palmeiras. Ao se posicionar sobre a sua torcida, caso os rivais se encontrem, Bolsonaro optou pela neutralidade, embora j\u00e1 tenha se declarado torcedor palmeirense.<\/p>\n<p>&nbsp;<\/p>\n<p><strong>Fonte: Terra<\/strong><\/p>\n<p>&nbsp;<\/p>\n","protected":false},"excerpt":{"rendered":"<p>Durante a participa\u00e7\u00e3o do evento &#8220;Natal Sem Fome&#8221;, na Vila Belmiro, em Santos, nesta segunda-feira (28), o presidente da Rep\u00fablica, Jair Bolsonaro (sem partido) voltou a defender o retorno do p\u00fablico nos est\u00e1dios de futebol. De acordo com o chefe do Executivo, ele teve uma conversa com o atual Ministro da Sa\u00fade, Eduardo Pazzuelo, onde &hellip;<\/p>\n","protected":false},"author":1,"featured_media":11702,"comment_status":"closed","ping_status":"closed","sticky":false,"template":"","format":"standard","meta":{"_jetpack_newsletter_access":"","_jetpack_dont_email_post_to_subs":false,"_jetpack_newsletter_tier_id":0,"_jetpack_memberships_contains_paywalled_content":false,"_jetpack_memberships_contains_paid_content":false,"footnotes":""},"categories":[1],"tags":[],"class_list":["post-11701","post","type-post","status-publish","format-standard","has-post-thumbnail","hentry","category-destaque"],"jetpack_sharing_enabled":true,"jetpack_featured_media_url":"","_links":{"self":[{"href":"https:\/\/www.oparanews.com.br\/index.php\/wp-json\/wp\/v2\/posts\/11701","targetHints":{"allow":["GET"]}}],"collection":[{"href":"https:\/\/www.oparanews.com.br\/index.php\/wp-json\/wp\/v2\/posts"}],"about":[{"href":"https:\/\/www.oparanews.com.br\/index.php\/wp-json\/wp\/v2\/types\/post"}],"author":[{"embeddable":true,"href":"https:\/\/www.oparanews.com.br\/index.php\/wp-json\/wp\/v2\/users\/1"}],"replies":[{"embeddable":true,"href":"https:\/\/www.oparanews.com.br\/index.php\/wp-json\/wp\/v2\/comments?post=11701"}],"version-history":[{"count":0,"href":"https:\/\/www.oparanews.com.br\/index.php\/wp-json\/wp\/v2\/posts\/11701\/revisions"}],"wp:attachment":[{"href":"https:\/\/www.oparanews.com.br\/index.php\/wp-json\/wp\/v2\/media?parent=11701"}],"wp:term":[{"taxonomy":"category","embeddable":true,"href":"https:\/\/www.oparanews.com.br\/index.php\/wp-json\/wp\/v2\/categories?post=11701"},{"taxonomy":"post_tag","embeddable":true,"href":"https:\/\/www.oparanews.com.br\/index.php\/wp-json\/wp\/v2\/tags?post=11701"}],"curies":[{"name":"wp","href":"https:\/\/api.w.org\/{rel}","templated":true}]}}