{"id":11713,"date":"2020-12-29T20:14:22","date_gmt":"2020-12-29T20:14:22","guid":{"rendered":"https:\/\/oparanews.com.br\/?p=11713"},"modified":"2020-12-29T20:14:22","modified_gmt":"2020-12-29T20:14:22","slug":"ronaldo-lopes-completa-o-primeiro-escalao-do-governo-na-prefeitura-de-penedo","status":"publish","type":"post","link":"https:\/\/www.oparanews.com.br\/index.php\/2020\/12\/29\/ronaldo-lopes-completa-o-primeiro-escalao-do-governo-na-prefeitura-de-penedo\/","title":{"rendered":"Ronaldo Lopes completa o primeiro escal\u00e3o do governo na Prefeitura de Penedo"},"content":{"rendered":"<p>O primeiro escal\u00e3o do governo de Ronaldo Lopes\/Jo\u00e3o Lucas na Prefeitura de Penedo est\u00e1 completo. Os titulares das pastas que ainda n\u00e3o haviam sido anunciados foram tornados p\u00fablicos nesta ter\u00e7a-feira, 29.<\/p>\n<p>Por meio de transmiss\u00e3o ao vivo em seu perfil no Instagram, Ronaldo Lopes divulgou os demais membros da equipe de sua gest\u00e3o, comunicado que fez ao lado do companheiro de chapa, o radialista Jo\u00e3o Lucas.<\/p>\n<p>O professor e ex-gerente de ag\u00eancia banc\u00e1ria Rafael Ferreira ser\u00e1 o respons\u00e1vel pela Secretaria Municipal de Trabalho, Habita\u00e7\u00e3o e Assist\u00eancia Social (SEMTHAS); o engenheiro civil e especialista em gest\u00e3o de projetos Guilherme Lopes administrar\u00e1 a Secretaria Municipal de Sa\u00fade (SEMS) e o engenheiro civil Ivo Costa vai gerir a Secretaria Municipal de Servi\u00e7os P\u00fablicos.<\/p>\n<p>O advogado p\u00f3s-graduado em Direito P\u00fablico Gustavo Callado ser\u00e1 o Controlador Geral da Prefeitura de Penedo.<\/p>\n<p>Na Secretaria Municipal de Cultura permanece Aliny Costa e na Secretaria de Educa\u00e7\u00e3o continua Cintya Alves. A autarquia SAAE tamb\u00e9m n\u00e3o ter\u00e1 mudan\u00e7a em seu comando administrativo, a cargo de Carlos Dias, assim como no Gabinete do Poder Executivo, onde o advogado Alfredo Pereira exerce a fun\u00e7\u00e3o de chefe.<\/p>\n<p>Outro titular do governo Marcius Beltr\u00e3o\/Ronaldo Lopes que dar\u00e1 continuidade aos trabalhos \u00e9 Pedro Soares, liderando a pasta de Desenvolvimento Econ\u00f4mico e Turismo.<\/p>\n<p>Confira abaixo o primeiro escal\u00e3o do governo Ronaldo Lopes\/Jo\u00e3o Lucas<\/p>\n<p>Chefe de Gabinete \u2013 Alfredo Jos\u00e9 Pereira<br \/>\nControlador Geral \u2013 Gustavo Henrique de Barros Callado Mac\u00eado<br \/>\nDiretor de Comunica\u00e7\u00e3o \u2013 Kim Emmanuel Guimar\u00e3es Minas Lopes<br \/>\nDiretor da Guarda Patrimonial \u2013 Geraldo Sabino dos Santos (Sargento Sabino)<br \/>\nDiretor do SAAE \u2013 Carlos Roberto dos Santos Dias<br \/>\nProcurador Geral do Munic\u00edpio \u2013 Ricardo Barros M\u00e9ro<br \/>\nSecret\u00e1rio de Abastecimento e Desenvolvimento Agr\u00e1rio \u2013 Pedro Felipe Queiroz de Azevedo<br \/>\nSecret\u00e1ria de A\u00e7\u00f5es Estrat\u00e9gicas Governamentais \u2013 Marcela Ressurrei\u00e7\u00e3o Lopes Lacet<br \/>\nSecret\u00e1rio de Assist\u00eancia Social \u2013 Jos\u00e9 Rafael Ferreira<br \/>\nSecret\u00e1ria de Cultura e Turismo &#8211; Aliny Costa Bezerra<br \/>\nSecret\u00e1rio de Desenvolvimento Econ\u00f4mico \u2013 Pedro Soares da Silva Neto<br \/>\nSecret\u00e1ria de Educa\u00e7\u00e3o \u2013 Cyntia Alves da Silva<br \/>\nSecret\u00e1rio de Esportes \u2013 Givaldo Vasconcelos (Professor Juca Vasconcelos)<br \/>\nSecret\u00e1rio de Fazenda \u2013 Lu\u00eds Alberto Nogueira Moreira<br \/>\nSecret\u00e1rio de Infraestrutura e Obras \u2013 Valmir Lessa L\u00f4bo<br \/>\nSecret\u00e1rio de Meio Ambiente e Recursos H\u00eddricos \u2013 Gustavo Alencar Freitas<br \/>\nSecret\u00e1rio de Planejamento e Gest\u00e3o \u2013 Luciano Barros Lucena<br \/>\nSecret\u00e1rio de Sa\u00fade \u2013 Guilherme Ressurrei\u00e7\u00e3o Lopes<br \/>\nSecret\u00e1rio de Servi\u00e7os P\u00fablicos \u2013 Ivo Carlos Moura Costa<br \/>\nSuperintendente da SMTT \u2013 Joanilson Sampaio Costa J\u00fanior (Tenente-Coronel Jota J\u00fanior)<\/p>\n<p>Por Fernando Vin\u00edcius \u2013 jornalista (contato 99946-6620\/celular e whatsapp)<\/p>\n","protected":false},"excerpt":{"rendered":"<p>O primeiro escal\u00e3o do governo de Ronaldo Lopes\/Jo\u00e3o Lucas na Prefeitura de Penedo est\u00e1 completo. Os titulares das pastas que ainda n\u00e3o haviam sido anunciados foram tornados p\u00fablicos nesta ter\u00e7a-feira, 29. Por meio de transmiss\u00e3o ao vivo em seu perfil no Instagram, Ronaldo Lopes divulgou os demais membros da equipe de sua gest\u00e3o, comunicado que &hellip;<\/p>\n","protected":false},"author":1,"featured_media":11714,"comment_status":"closed","ping_status":"closed","sticky":false,"template":"","format":"standard","meta":{"_jetpack_newsletter_access":"","_jetpack_dont_email_post_to_subs":false,"_jetpack_newsletter_tier_id":0,"_jetpack_memberships_contains_paywalled_content":false,"_jetpack_memberships_contains_paid_content":false,"footnotes":""},"categories":[1],"tags":[],"class_list":["post-11713","post","type-post","status-publish","format-standard","has-post-thumbnail","hentry","category-destaque"],"jetpack_sharing_enabled":true,"jetpack_featured_media_url":"","_links":{"self":[{"href":"https:\/\/www.oparanews.com.br\/index.php\/wp-json\/wp\/v2\/posts\/11713","targetHints":{"allow":["GET"]}}],"collection":[{"href":"https:\/\/www.oparanews.com.br\/index.php\/wp-json\/wp\/v2\/posts"}],"about":[{"href":"https:\/\/www.oparanews.com.br\/index.php\/wp-json\/wp\/v2\/types\/post"}],"author":[{"embeddable":true,"href":"https:\/\/www.oparanews.com.br\/index.php\/wp-json\/wp\/v2\/users\/1"}],"replies":[{"embeddable":true,"href":"https:\/\/www.oparanews.com.br\/index.php\/wp-json\/wp\/v2\/comments?post=11713"}],"version-history":[{"count":0,"href":"https:\/\/www.oparanews.com.br\/index.php\/wp-json\/wp\/v2\/posts\/11713\/revisions"}],"wp:attachment":[{"href":"https:\/\/www.oparanews.com.br\/index.php\/wp-json\/wp\/v2\/media?parent=11713"}],"wp:term":[{"taxonomy":"category","embeddable":true,"href":"https:\/\/www.oparanews.com.br\/index.php\/wp-json\/wp\/v2\/categories?post=11713"},{"taxonomy":"post_tag","embeddable":true,"href":"https:\/\/www.oparanews.com.br\/index.php\/wp-json\/wp\/v2\/tags?post=11713"}],"curies":[{"name":"wp","href":"https:\/\/api.w.org\/{rel}","templated":true}]}}