{"id":11716,"date":"2020-12-30T13:58:40","date_gmt":"2020-12-30T13:58:40","guid":{"rendered":"https:\/\/oparanews.com.br\/?p=11716"},"modified":"2020-12-30T13:58:40","modified_gmt":"2020-12-30T13:58:40","slug":"lei-aldir-blanc-aprovados-em-editais-da-prefeitura-de-penedo-sao-convocados-para-assinar-contrato","status":"publish","type":"post","link":"https:\/\/www.oparanews.com.br\/index.php\/2020\/12\/30\/lei-aldir-blanc-aprovados-em-editais-da-prefeitura-de-penedo-sao-convocados-para-assinar-contrato\/","title":{"rendered":"Lei Aldir Blanc: Aprovados em editais da Prefeitura de Penedo s\u00e3o convocados para assinar contrato"},"content":{"rendered":"<p>Todas as pessoas e entidades aprovadas nos editais lan\u00e7ados pela Prefeitura de Penedo para aux\u00edlio emergencial previsto na Lei Aldir Blanc precisam assinar os respectivos contratos.<\/p>\n<p>A formaliza\u00e7\u00e3o iniciada nesta ter\u00e7a-feira, 29, \u00e9 o \u00faltimo passo para a libera\u00e7\u00e3o de R$ 473.307,58 repassados pela Uni\u00e3o para atender pessoas f\u00edsicas e jur\u00eddicas, do meio art\u00edstico e cultural atuantes em Penedo, prejudicadas pela pandemia do novo coronav\u00edrus.<\/p>\n<p>O atendimento aos contemplados \u00e9 realizado pela Secretaria Municipal de Cultura, Lazer, Esporte e Juventude (SEMCLEJ) e ocorre no audit\u00f3rio da Casa de Aposentadoria, Centro Hist\u00f3rico de Penedo, ao lado da sede da prefeitura.<\/p>\n<p>O Presidente da Comiss\u00e3o Especial de Avalia\u00e7\u00e3o T\u00e9cnica e Diretor da Juventude da SEMCLEJ, Cleyton Porf\u00edrio, informa que \u00e9 preciso apresentar dados da conta banc\u00e1ria para dep\u00f3sito do aux\u00edlio e documento oficial com foto (identidade, carteira de trabalho ou de motorista) para confirma\u00e7\u00e3o da pessoa\/institui\u00e7\u00e3o beneficiada.<\/p>\n<p>\u201cDos 74 contemplados nos dois editais abertos pela Prefeitura de Penedo, sendo 20 para espa\u00e7os culturais e 54 do Pr\u00eamio Francisco Alberto Sales, 40 j\u00e1 compareceram e assinaram seus contratos. N\u00f3s estaremos na Casa de Aposentadoria, das 8h at\u00e9 as 13 horas de amanh\u00e3 (quarta-feira, 30), aguardando quem ainda n\u00e3o veio\u201d, informa Cleyton Porf\u00edrio.<\/p>\n<p>Quem n\u00e3o conseguir assinar o contrato at\u00e9 a conclus\u00e3o do atendimento, dever\u00e1 entrar em contato com a Comiss\u00e3o Especial para tentar solucionar a quest\u00e3o.<\/p>\n<p>A SEMCLEJ ressalta que todos os contemplados foram informados, individualmente, sobre a convoca\u00e7\u00e3o para assinatura do contrato, por meio do n\u00famero de telefone ou e-mail informado no cadastro inicial pelo pr\u00f3prio inscrito.<\/p>\n<p>&nbsp;<\/p>\n<p><strong>Fonte: Decom &#8211; PMP<\/strong><\/p>\n<p>&nbsp;<\/p>\n","protected":false},"excerpt":{"rendered":"<p>Todas as pessoas e entidades aprovadas nos editais lan\u00e7ados pela Prefeitura de Penedo para aux\u00edlio emergencial previsto na Lei Aldir Blanc precisam assinar os respectivos contratos. A formaliza\u00e7\u00e3o iniciada nesta ter\u00e7a-feira, 29, \u00e9 o \u00faltimo passo para a libera\u00e7\u00e3o de R$ 473.307,58 repassados pela Uni\u00e3o para atender pessoas f\u00edsicas e jur\u00eddicas, do meio art\u00edstico e &hellip;<\/p>\n","protected":false},"author":1,"featured_media":11717,"comment_status":"closed","ping_status":"closed","sticky":false,"template":"","format":"standard","meta":{"_jetpack_newsletter_access":"","_jetpack_dont_email_post_to_subs":false,"_jetpack_newsletter_tier_id":0,"_jetpack_memberships_contains_paywalled_content":false,"_jetpack_memberships_contains_paid_content":false,"footnotes":""},"categories":[1],"tags":[],"class_list":["post-11716","post","type-post","status-publish","format-standard","has-post-thumbnail","hentry","category-destaque"],"jetpack_sharing_enabled":true,"jetpack_featured_media_url":"","_links":{"self":[{"href":"https:\/\/www.oparanews.com.br\/index.php\/wp-json\/wp\/v2\/posts\/11716","targetHints":{"allow":["GET"]}}],"collection":[{"href":"https:\/\/www.oparanews.com.br\/index.php\/wp-json\/wp\/v2\/posts"}],"about":[{"href":"https:\/\/www.oparanews.com.br\/index.php\/wp-json\/wp\/v2\/types\/post"}],"author":[{"embeddable":true,"href":"https:\/\/www.oparanews.com.br\/index.php\/wp-json\/wp\/v2\/users\/1"}],"replies":[{"embeddable":true,"href":"https:\/\/www.oparanews.com.br\/index.php\/wp-json\/wp\/v2\/comments?post=11716"}],"version-history":[{"count":0,"href":"https:\/\/www.oparanews.com.br\/index.php\/wp-json\/wp\/v2\/posts\/11716\/revisions"}],"wp:attachment":[{"href":"https:\/\/www.oparanews.com.br\/index.php\/wp-json\/wp\/v2\/media?parent=11716"}],"wp:term":[{"taxonomy":"category","embeddable":true,"href":"https:\/\/www.oparanews.com.br\/index.php\/wp-json\/wp\/v2\/categories?post=11716"},{"taxonomy":"post_tag","embeddable":true,"href":"https:\/\/www.oparanews.com.br\/index.php\/wp-json\/wp\/v2\/tags?post=11716"}],"curies":[{"name":"wp","href":"https:\/\/api.w.org\/{rel}","templated":true}]}}