{"id":11719,"date":"2020-12-30T13:59:58","date_gmt":"2020-12-30T13:59:58","guid":{"rendered":"https:\/\/oparanews.com.br\/?p=11719"},"modified":"2020-12-30T13:59:58","modified_gmt":"2020-12-30T13:59:58","slug":"ligacao-clandestina-em-residencia-causou-falta-dagua-em-penedo","status":"publish","type":"post","link":"https:\/\/www.oparanews.com.br\/index.php\/2020\/12\/30\/ligacao-clandestina-em-residencia-causou-falta-dagua-em-penedo\/","title":{"rendered":"Liga\u00e7\u00e3o clandestina em resid\u00eancia causou falta d\u2019\u00e1gua em Penedo"},"content":{"rendered":"<p>O Servi\u00e7o Aut\u00f4nomo de \u00c1gua e Esgoto de Penedo informou na manh\u00e3 desta quarta-feira (30), que uma liga\u00e7\u00e3o clandestina na rede de esgoto no Centro da cidade, causou a interrup\u00e7\u00e3o do fornecimento d\u2019\u00e1gua na parte baixa de Penedo.<\/p>\n<p>De acordo com a autarquia municipal, o problema foi ocasionado pela redu\u00e7\u00e3o da vaz\u00e3o e press\u00e3o, j\u00e1 que a liga\u00e7\u00e3o clandestina estragou componentes do sistema, o que j\u00e1 devidamente substitu\u00eddo.<\/p>\n<p>Por\u00e9m como a rede distribuidora foi afetada, ainda existe entupimento ou ar dentro da tubula\u00e7\u00e3o, o que ainda n\u00e3o permitiu o retorno a normalidade.<\/p>\n<p>As equipes do SAAE Penedo est\u00e3o trabalhando de forma ininterrupta para solucionarem o problema o mais r\u00e1pido poss\u00edvel, solicitando tamb\u00e9m aos consumidores que n\u00e3o fa\u00e7am liga\u00e7\u00f5es clandestinas de \u00e1gua ou esgoto, j\u00e1 que essa pr\u00e1tica al\u00e9m de ser irregular acaba afetando o cotidiano de popula\u00e7\u00e3o, contrariando as leis, o que pode levar a aplica\u00e7\u00e3o das san\u00e7\u00f5es previstas.<\/p>\n<p>&nbsp;<\/p>\n<p><strong>Fonte: Decom &#8211; PMP<\/strong><\/p>\n<p>&nbsp;<\/p>\n","protected":false},"excerpt":{"rendered":"<p>O Servi\u00e7o Aut\u00f4nomo de \u00c1gua e Esgoto de Penedo informou na manh\u00e3 desta quarta-feira (30), que uma liga\u00e7\u00e3o clandestina na rede de esgoto no Centro da cidade, causou a interrup\u00e7\u00e3o do fornecimento d\u2019\u00e1gua na parte baixa de Penedo. De acordo com a autarquia municipal, o problema foi ocasionado pela redu\u00e7\u00e3o da vaz\u00e3o e press\u00e3o, j\u00e1 &hellip;<\/p>\n","protected":false},"author":1,"featured_media":11720,"comment_status":"closed","ping_status":"closed","sticky":false,"template":"","format":"standard","meta":{"_jetpack_newsletter_access":"","_jetpack_dont_email_post_to_subs":false,"_jetpack_newsletter_tier_id":0,"_jetpack_memberships_contains_paywalled_content":false,"_jetpack_memberships_contains_paid_content":false,"footnotes":""},"categories":[1],"tags":[],"class_list":["post-11719","post","type-post","status-publish","format-standard","has-post-thumbnail","hentry","category-destaque"],"jetpack_sharing_enabled":true,"jetpack_featured_media_url":"","_links":{"self":[{"href":"https:\/\/www.oparanews.com.br\/index.php\/wp-json\/wp\/v2\/posts\/11719","targetHints":{"allow":["GET"]}}],"collection":[{"href":"https:\/\/www.oparanews.com.br\/index.php\/wp-json\/wp\/v2\/posts"}],"about":[{"href":"https:\/\/www.oparanews.com.br\/index.php\/wp-json\/wp\/v2\/types\/post"}],"author":[{"embeddable":true,"href":"https:\/\/www.oparanews.com.br\/index.php\/wp-json\/wp\/v2\/users\/1"}],"replies":[{"embeddable":true,"href":"https:\/\/www.oparanews.com.br\/index.php\/wp-json\/wp\/v2\/comments?post=11719"}],"version-history":[{"count":0,"href":"https:\/\/www.oparanews.com.br\/index.php\/wp-json\/wp\/v2\/posts\/11719\/revisions"}],"wp:attachment":[{"href":"https:\/\/www.oparanews.com.br\/index.php\/wp-json\/wp\/v2\/media?parent=11719"}],"wp:term":[{"taxonomy":"category","embeddable":true,"href":"https:\/\/www.oparanews.com.br\/index.php\/wp-json\/wp\/v2\/categories?post=11719"},{"taxonomy":"post_tag","embeddable":true,"href":"https:\/\/www.oparanews.com.br\/index.php\/wp-json\/wp\/v2\/tags?post=11719"}],"curies":[{"name":"wp","href":"https:\/\/api.w.org\/{rel}","templated":true}]}}