{"id":11722,"date":"2020-12-30T14:05:05","date_gmt":"2020-12-30T14:05:05","guid":{"rendered":"https:\/\/oparanews.com.br\/?p=11722"},"modified":"2020-12-30T14:05:05","modified_gmt":"2020-12-30T14:05:05","slug":"numero-de-casos-confirmados-da-covid-19-em-penedo-sobre-para-1-775","status":"publish","type":"post","link":"https:\/\/www.oparanews.com.br\/index.php\/2020\/12\/30\/numero-de-casos-confirmados-da-covid-19-em-penedo-sobre-para-1-775\/","title":{"rendered":"N\u00famero de casos confirmados da Covid-19 em Penedo sobe para 1.775"},"content":{"rendered":"<p>Os dados atualizados sobre a pandemia do novo coronav\u00edrus em Penedo, divulgados nesta ter\u00e7a-feira, 29 de dezembro, por meio do boletim epidemiol\u00f3gico da Secretaria Municipal de Sa\u00fade (SEMS), registram 1775 casos confirmados desde o in\u00edcio da contabiliza\u00e7\u00e3o dos n\u00fameros, dos quais 1620 pessoas j\u00e1 est\u00e3o curadas ap\u00f3s receberem alta m\u00e9dica.<\/p>\n<p>O munic\u00edpio tamb\u00e9m tem atualmente dois casos suspeitos, 49 pessoas monitoradas, 1619 casos descartados e 24 \u00f3bitos provocados por Covid-19.<\/p>\n<p><strong>Localidades<\/strong><\/p>\n<p>O novo boletim da SEMS mostra tamb\u00e9m que os bairros Dom Constantino e Santa Luzia tem a maior ocorr\u00eancia de Covid-19 desde o in\u00edcio da pandemia, com 551 e 306 casos respectivamente, estando logo atr\u00e1s o Centro do munic\u00edpio com 262 casos.<\/p>\n<p>J\u00e1 na zona rural, o local com maior n\u00famero de casos \u00e9 a Cooperativa, \u00e1rea que inclui os dois n\u00facleos do povoamento com 52 casos, seguido pelo Povoado Tabuleiro dos Negros com 47 e a Palmeira Alta com 36.<\/p>\n<p>&nbsp;<\/p>\n<p><strong>Fonte: Decom &#8211; PMP<\/strong><\/p>\n<p>&nbsp;<\/p>\n","protected":false},"excerpt":{"rendered":"<p>Os dados atualizados sobre a pandemia do novo coronav\u00edrus em Penedo, divulgados nesta ter\u00e7a-feira, 29 de dezembro, por meio do boletim epidemiol\u00f3gico da Secretaria Municipal de Sa\u00fade (SEMS), registram 1775 casos confirmados desde o in\u00edcio da contabiliza\u00e7\u00e3o dos n\u00fameros, dos quais 1620 pessoas j\u00e1 est\u00e3o curadas ap\u00f3s receberem alta m\u00e9dica. O munic\u00edpio tamb\u00e9m tem atualmente &hellip;<\/p>\n","protected":false},"author":1,"featured_media":11723,"comment_status":"closed","ping_status":"closed","sticky":false,"template":"","format":"standard","meta":{"_jetpack_newsletter_access":"","_jetpack_dont_email_post_to_subs":false,"_jetpack_newsletter_tier_id":0,"_jetpack_memberships_contains_paywalled_content":false,"_jetpack_memberships_contains_paid_content":false,"footnotes":""},"categories":[1],"tags":[],"class_list":["post-11722","post","type-post","status-publish","format-standard","has-post-thumbnail","hentry","category-destaque"],"jetpack_sharing_enabled":true,"jetpack_featured_media_url":"","_links":{"self":[{"href":"https:\/\/www.oparanews.com.br\/index.php\/wp-json\/wp\/v2\/posts\/11722","targetHints":{"allow":["GET"]}}],"collection":[{"href":"https:\/\/www.oparanews.com.br\/index.php\/wp-json\/wp\/v2\/posts"}],"about":[{"href":"https:\/\/www.oparanews.com.br\/index.php\/wp-json\/wp\/v2\/types\/post"}],"author":[{"embeddable":true,"href":"https:\/\/www.oparanews.com.br\/index.php\/wp-json\/wp\/v2\/users\/1"}],"replies":[{"embeddable":true,"href":"https:\/\/www.oparanews.com.br\/index.php\/wp-json\/wp\/v2\/comments?post=11722"}],"version-history":[{"count":0,"href":"https:\/\/www.oparanews.com.br\/index.php\/wp-json\/wp\/v2\/posts\/11722\/revisions"}],"wp:attachment":[{"href":"https:\/\/www.oparanews.com.br\/index.php\/wp-json\/wp\/v2\/media?parent=11722"}],"wp:term":[{"taxonomy":"category","embeddable":true,"href":"https:\/\/www.oparanews.com.br\/index.php\/wp-json\/wp\/v2\/categories?post=11722"},{"taxonomy":"post_tag","embeddable":true,"href":"https:\/\/www.oparanews.com.br\/index.php\/wp-json\/wp\/v2\/tags?post=11722"}],"curies":[{"name":"wp","href":"https:\/\/api.w.org\/{rel}","templated":true}]}}