{"id":11738,"date":"2020-12-31T11:43:53","date_gmt":"2020-12-31T11:43:53","guid":{"rendered":"https:\/\/oparanews.com.br\/?p=11738"},"modified":"2020-12-31T11:43:53","modified_gmt":"2020-12-31T11:43:53","slug":"prefeitura-de-penedo-transmitira-cerimonia-de-posse-de-ronaldo-lopes-e-joao-lucas","status":"publish","type":"post","link":"https:\/\/www.oparanews.com.br\/index.php\/2020\/12\/31\/prefeitura-de-penedo-transmitira-cerimonia-de-posse-de-ronaldo-lopes-e-joao-lucas\/","title":{"rendered":"Prefeitura de Penedo transmitir\u00e1 cerim\u00f4nia de posse de Ronaldo Lopes e Jo\u00e3o Lucas"},"content":{"rendered":"<p>A cerim\u00f4nia de posse do prefeito Ronaldo Lopes e do vice-prefeito Jo\u00e3o Lucas ser\u00e1 transmitida, ao vivo, pelas redes sociais da Prefeitura de Penedo.<\/p>\n<p>Para evitar aglomera\u00e7\u00e3o nos locais onde ocorrer\u00e3o os atos oficiais \u2013 todos situados no Pa\u00e7o Municipal, entorno da Pra\u00e7a Bar\u00e3o de Penedo, Centro Hist\u00f3rico -, tudo ser\u00e1 transmitido nas p\u00e1ginas oficiais do governo municipal.<\/p>\n<p><strong>Facebook e Instagram<\/strong><\/p>\n<p>A divulga\u00e7\u00e3o propiciar\u00e1 a oportunidade para qualquer pessoa acompanhar a cerim\u00f4nia, sem se expor aos riscos inerentes \u00e0 pandemia do novo coronav\u00edrus. Para assistir, basta acessar a p\u00e1gina da Prefeitura de Penedo no Facebook ou perfil no Instagram.<\/p>\n<p>A transmiss\u00e3o come\u00e7a \u00e0s 19 horas de sexta-feira, 1\u00ba de janeiro, com a missa na Catedral Diocesana de Penedo. Ap\u00f3s a celebra\u00e7\u00e3o religiosa, ocorrer\u00e1 a cerim\u00f4nia de posse na C\u00e2mara de Vereadores.<\/p>\n<p>Em seguida, Ronaldo Lopes e Jo\u00e3o seguem para a Prefeitura de Penedo, onde ser\u00e3o realizadas as solenidades de transmiss\u00e3o de cargo do Prefeito Marcius Beltr\u00e3o ao pr\u00f3ximo gestor, Ronaldo Lopes, e a nomea\u00e7\u00e3o do primeiro escal\u00e3o do governo.<\/p>\n<p>O cerimonial ser\u00e1 conclu\u00eddo com um discurso do Prefeito Ronaldo Lopes.<\/p>\n<p>&nbsp;<\/p>\n<p><strong>Fonte: Decom &#8211; PMP<\/strong><\/p>\n<p>&nbsp;<\/p>\n","protected":false},"excerpt":{"rendered":"<p>A cerim\u00f4nia de posse do prefeito Ronaldo Lopes e do vice-prefeito Jo\u00e3o Lucas ser\u00e1 transmitida, ao vivo, pelas redes sociais da Prefeitura de Penedo. Para evitar aglomera\u00e7\u00e3o nos locais onde ocorrer\u00e3o os atos oficiais \u2013 todos situados no Pa\u00e7o Municipal, entorno da Pra\u00e7a Bar\u00e3o de Penedo, Centro Hist\u00f3rico -, tudo ser\u00e1 transmitido nas p\u00e1ginas oficiais &hellip;<\/p>\n","protected":false},"author":1,"featured_media":11739,"comment_status":"closed","ping_status":"closed","sticky":false,"template":"","format":"standard","meta":{"_jetpack_newsletter_access":"","_jetpack_dont_email_post_to_subs":false,"_jetpack_newsletter_tier_id":0,"_jetpack_memberships_contains_paywalled_content":false,"_jetpack_memberships_contains_paid_content":false,"footnotes":""},"categories":[1],"tags":[],"class_list":["post-11738","post","type-post","status-publish","format-standard","has-post-thumbnail","hentry","category-destaque"],"jetpack_sharing_enabled":true,"jetpack_featured_media_url":"","_links":{"self":[{"href":"https:\/\/www.oparanews.com.br\/index.php\/wp-json\/wp\/v2\/posts\/11738","targetHints":{"allow":["GET"]}}],"collection":[{"href":"https:\/\/www.oparanews.com.br\/index.php\/wp-json\/wp\/v2\/posts"}],"about":[{"href":"https:\/\/www.oparanews.com.br\/index.php\/wp-json\/wp\/v2\/types\/post"}],"author":[{"embeddable":true,"href":"https:\/\/www.oparanews.com.br\/index.php\/wp-json\/wp\/v2\/users\/1"}],"replies":[{"embeddable":true,"href":"https:\/\/www.oparanews.com.br\/index.php\/wp-json\/wp\/v2\/comments?post=11738"}],"version-history":[{"count":0,"href":"https:\/\/www.oparanews.com.br\/index.php\/wp-json\/wp\/v2\/posts\/11738\/revisions"}],"wp:attachment":[{"href":"https:\/\/www.oparanews.com.br\/index.php\/wp-json\/wp\/v2\/media?parent=11738"}],"wp:term":[{"taxonomy":"category","embeddable":true,"href":"https:\/\/www.oparanews.com.br\/index.php\/wp-json\/wp\/v2\/categories?post=11738"},{"taxonomy":"post_tag","embeddable":true,"href":"https:\/\/www.oparanews.com.br\/index.php\/wp-json\/wp\/v2\/tags?post=11738"}],"curies":[{"name":"wp","href":"https:\/\/api.w.org\/{rel}","templated":true}]}}