{"id":11741,"date":"2020-12-31T11:45:47","date_gmt":"2020-12-31T11:45:47","guid":{"rendered":"https:\/\/oparanews.com.br\/?p=11741"},"modified":"2020-12-31T11:45:47","modified_gmt":"2020-12-31T11:45:47","slug":"dupla-e-presa-com-1-kg-de-maconha-em-maceio","status":"publish","type":"post","link":"https:\/\/www.oparanews.com.br\/index.php\/2020\/12\/31\/dupla-e-presa-com-1-kg-de-maconha-em-maceio\/","title":{"rendered":"Dupla \u00e9 presa com 1 kg de maconha em Macei\u00f3"},"content":{"rendered":"<p>Dois jovens de 24 e 26 anos foram presos na madrugada desta quinta-feira (31) com 1 kg de maconha no Benedito Bentes, em Macei\u00f3.<\/p>\n<p>Segundo militares do 5\u00ba Batalh\u00e3o, os dois moram no Benedito Bentes e foram flagrados com a droga.<\/p>\n<p>Os policiais levaram a dupla para a Central de Flagrantes I, onde foram autuados por tr\u00e1fico de drogas e associa\u00e7\u00e3o para o tr\u00e1fico.<\/p>\n<p>&nbsp;<\/p>\n<p><strong>Fonte: G1\/AL<\/strong><\/p>\n<p>&nbsp;<\/p>\n","protected":false},"excerpt":{"rendered":"<p>Dois jovens de 24 e 26 anos foram presos na madrugada desta quinta-feira (31) com 1 kg de maconha no Benedito Bentes, em Macei\u00f3. Segundo militares do 5\u00ba Batalh\u00e3o, os dois moram no Benedito Bentes e foram flagrados com a droga. Os policiais levaram a dupla para a Central de Flagrantes I, onde foram autuados &hellip;<\/p>\n","protected":false},"author":1,"featured_media":11742,"comment_status":"closed","ping_status":"closed","sticky":false,"template":"","format":"standard","meta":{"_jetpack_newsletter_access":"","_jetpack_dont_email_post_to_subs":false,"_jetpack_newsletter_tier_id":0,"_jetpack_memberships_contains_paywalled_content":false,"_jetpack_memberships_contains_paid_content":false,"footnotes":""},"categories":[1],"tags":[],"class_list":["post-11741","post","type-post","status-publish","format-standard","has-post-thumbnail","hentry","category-destaque"],"jetpack_sharing_enabled":true,"jetpack_featured_media_url":"","_links":{"self":[{"href":"https:\/\/www.oparanews.com.br\/index.php\/wp-json\/wp\/v2\/posts\/11741","targetHints":{"allow":["GET"]}}],"collection":[{"href":"https:\/\/www.oparanews.com.br\/index.php\/wp-json\/wp\/v2\/posts"}],"about":[{"href":"https:\/\/www.oparanews.com.br\/index.php\/wp-json\/wp\/v2\/types\/post"}],"author":[{"embeddable":true,"href":"https:\/\/www.oparanews.com.br\/index.php\/wp-json\/wp\/v2\/users\/1"}],"replies":[{"embeddable":true,"href":"https:\/\/www.oparanews.com.br\/index.php\/wp-json\/wp\/v2\/comments?post=11741"}],"version-history":[{"count":0,"href":"https:\/\/www.oparanews.com.br\/index.php\/wp-json\/wp\/v2\/posts\/11741\/revisions"}],"wp:attachment":[{"href":"https:\/\/www.oparanews.com.br\/index.php\/wp-json\/wp\/v2\/media?parent=11741"}],"wp:term":[{"taxonomy":"category","embeddable":true,"href":"https:\/\/www.oparanews.com.br\/index.php\/wp-json\/wp\/v2\/categories?post=11741"},{"taxonomy":"post_tag","embeddable":true,"href":"https:\/\/www.oparanews.com.br\/index.php\/wp-json\/wp\/v2\/tags?post=11741"}],"curies":[{"name":"wp","href":"https:\/\/api.w.org\/{rel}","templated":true}]}}