{"id":11744,"date":"2020-12-31T11:47:48","date_gmt":"2020-12-31T11:47:48","guid":{"rendered":"https:\/\/oparanews.com.br\/?p=11744"},"modified":"2020-12-31T11:47:48","modified_gmt":"2020-12-31T11:47:48","slug":"nova-sede-da-smtt-penedo-e-entregue-a-populacao","status":"publish","type":"post","link":"https:\/\/www.oparanews.com.br\/index.php\/2020\/12\/31\/nova-sede-da-smtt-penedo-e-entregue-a-populacao\/","title":{"rendered":"Nova sede da SMTT Penedo \u00e9 entregue \u00e0 popula\u00e7\u00e3o"},"content":{"rendered":"<p>A Prefeitura de Penedo inaugurou nesta quarta-feira (30), a nova sede da Superintend\u00eancia Municipal de Transporte e Tr\u00e2nsito. O pr\u00e9dio est\u00e1 situado na Rodovia M\u00e1rio Freire Leahy, parte baixa da cidade, local totalmente reformado e mais amplo do que o anterior da SMTT Penedo.<\/p>\n<p>O \u00f3rg\u00e3o respons\u00e1vel pelo controle do tr\u00e2nsito em \u00e1rea do munic\u00edpio est\u00e1 instalado nas imedia\u00e7\u00f5es do acesso \u00e0 Rodovia Euclides Idalino, onde funcionou uma unidade de ensino relocada para outra espa\u00e7o, tamb\u00e9m maior e modernizado pelo governo atual.<\/p>\n<p>O investimento tamb\u00e9m gera economia para os cofres p\u00fablicos porque reduz o custo com loca\u00e7\u00e3o de im\u00f3veis e representa a realiza\u00e7\u00e3o do sonho da sede pr\u00f3pria da SMTT, conforme afirmou o Prefeito Marcius Beltr\u00e3o, encerra a gest\u00e3o iniciada em 2013 com mais um benef\u00edcio para a popula\u00e7\u00e3o e o funcionalismo municipal.<\/p>\n<p>\u201cHoje conclu\u00edmos mais um ciclo em Penedo, com a inaugura\u00e7\u00e3o da sede pr\u00f3pria da Superintend\u00eancia Municipal de Transporte e Tr\u00e2nsito (SMTT). A cidade cresce, avan\u00e7a muito e a m\u00e1quina p\u00fablica tamb\u00e9m precisa acompanhar. Penedo e os servidores ganham um moderno pr\u00e9dio, mais confort\u00e1vel para atender as necessidades de quem ali estiver e precisar. Quero agradecer e parabenizar todos os servidores que contribuem com o bom andamento deste importante \u00f3rg\u00e3o\u201d, destacou o Prefeito Marcius Beltr\u00e3o.<\/p>\n<p>Ampla estrutura<\/p>\n<p>Para o Superintendente Municipal de Transporte e Tr\u00e2nsito, Ricardo Ara\u00fajo, essa \u00e9 a realiza\u00e7\u00e3o de um antigo sonho de todos os servidores da SMTT, j\u00e1 que anteriormente o \u00f3rg\u00e3o funcionava em locais alugados, trazendo melhorias no dia-a-dia de trabalho, tanto para os funcion\u00e1rios, quanto para os usu\u00e1rios, que ser\u00e1 a pr\u00f3pria popula\u00e7\u00e3o penedense.<\/p>\n<p>A nova sede \u00e9 composta de cinco salas, alojamentos feminino e masculino, gabinetes do superintendente e coordenadores, sala administrativa, salas para reuni\u00f5es, entre outros c\u00f4modos<\/p>\n<p>\u201cMais dignidade n\u00e3o s\u00f3 para os funcion\u00e1rios, como tamb\u00e9m para a pr\u00f3pria popula\u00e7\u00e3o que passa a ter orgulho da sede pr\u00f3pria da SMTT. Sinto-me orgulhoso em poder deixar a nova sede da superintend\u00eancia pronta. Tamb\u00e9m quero agradecer ao Prefeito M\u00e1rcius Beltr\u00e3o e ao vice Ronaldo Lopes pela confian\u00e7a depositada durante todos esses anos de administra\u00e7\u00e3o p\u00fablica\u201d, destacou Ricardo Ara\u00fajo.<\/p>\n<p>&nbsp;<\/p>\n<p><strong>Fonte: Decom &#8211; PMP<\/strong><\/p>\n<p>&nbsp;<\/p>\n","protected":false},"excerpt":{"rendered":"<p>A Prefeitura de Penedo inaugurou nesta quarta-feira (30), a nova sede da Superintend\u00eancia Municipal de Transporte e Tr\u00e2nsito. O pr\u00e9dio est\u00e1 situado na Rodovia M\u00e1rio Freire Leahy, parte baixa da cidade, local totalmente reformado e mais amplo do que o anterior da SMTT Penedo. O \u00f3rg\u00e3o respons\u00e1vel pelo controle do tr\u00e2nsito em \u00e1rea do munic\u00edpio &hellip;<\/p>\n","protected":false},"author":1,"featured_media":11745,"comment_status":"closed","ping_status":"closed","sticky":false,"template":"","format":"standard","meta":{"_jetpack_newsletter_access":"","_jetpack_dont_email_post_to_subs":false,"_jetpack_newsletter_tier_id":0,"_jetpack_memberships_contains_paywalled_content":false,"_jetpack_memberships_contains_paid_content":false,"footnotes":""},"categories":[1],"tags":[],"class_list":["post-11744","post","type-post","status-publish","format-standard","has-post-thumbnail","hentry","category-destaque"],"jetpack_sharing_enabled":true,"jetpack_featured_media_url":"","_links":{"self":[{"href":"https:\/\/www.oparanews.com.br\/index.php\/wp-json\/wp\/v2\/posts\/11744","targetHints":{"allow":["GET"]}}],"collection":[{"href":"https:\/\/www.oparanews.com.br\/index.php\/wp-json\/wp\/v2\/posts"}],"about":[{"href":"https:\/\/www.oparanews.com.br\/index.php\/wp-json\/wp\/v2\/types\/post"}],"author":[{"embeddable":true,"href":"https:\/\/www.oparanews.com.br\/index.php\/wp-json\/wp\/v2\/users\/1"}],"replies":[{"embeddable":true,"href":"https:\/\/www.oparanews.com.br\/index.php\/wp-json\/wp\/v2\/comments?post=11744"}],"version-history":[{"count":0,"href":"https:\/\/www.oparanews.com.br\/index.php\/wp-json\/wp\/v2\/posts\/11744\/revisions"}],"wp:attachment":[{"href":"https:\/\/www.oparanews.com.br\/index.php\/wp-json\/wp\/v2\/media?parent=11744"}],"wp:term":[{"taxonomy":"category","embeddable":true,"href":"https:\/\/www.oparanews.com.br\/index.php\/wp-json\/wp\/v2\/categories?post=11744"},{"taxonomy":"post_tag","embeddable":true,"href":"https:\/\/www.oparanews.com.br\/index.php\/wp-json\/wp\/v2\/tags?post=11744"}],"curies":[{"name":"wp","href":"https:\/\/api.w.org\/{rel}","templated":true}]}}