{"id":11761,"date":"2020-12-31T12:29:48","date_gmt":"2020-12-31T12:29:48","guid":{"rendered":"https:\/\/oparanews.com.br\/?p=11761"},"modified":"2020-12-31T12:29:48","modified_gmt":"2020-12-31T12:29:48","slug":"vaticano-inicia-vacinacao-anti-covid-no-dia-4-de-janeiro","status":"publish","type":"post","link":"https:\/\/www.oparanews.com.br\/index.php\/2020\/12\/31\/vaticano-inicia-vacinacao-anti-covid-no-dia-4-de-janeiro\/","title":{"rendered":"Vaticano inicia vacina\u00e7\u00e3o anti-Covid no dia 4 de janeiro"},"content":{"rendered":"<p>O Vaticano come\u00e7ar\u00e1 sua campanha de vacina\u00e7\u00e3o anti-Covid no pr\u00f3ximo dia 4 de janeiro, informou o portal &#8220;Il Sismografo&#8221; em not\u00edcia confirmada pela ANSA nesta quarta-feira (30).<\/p>\n<p>Ser\u00e3o 10 mil doses do imunizante BNT 162b, desenvolvido pela farmac\u00eautica Pfizer e pelo laborat\u00f3rio BioNTech, e o objetivo ser\u00e1 imunizar funcion\u00e1rios e seus familiares, cidad\u00e3os da cidade-Estado, os atendidos pelo Fundo de Assist\u00eancia Sanit\u00e1ria, al\u00e9m da C\u00faria Romana. Por\u00e9m, o Vaticano ainda n\u00e3o confirmou se o papa Francisco ser\u00e1 vacinado.<\/p>\n<p>No entanto, fontes ouvidas pelo portal italiano garantem que \u00e9 &#8220;muito prov\u00e1vel&#8221; que o l\u00edder cat\u00f3lico, que tem 84 anos e est\u00e1 no grupo de risco do coronav\u00edrus Sars-CoV-2, seja o primeiro a receber a dose do imunizante.<\/p>\n<p>Com as 10 mil doses, ser\u00e1 poss\u00edvel vacinar cinco mil pessoas &#8211; muito al\u00e9m dos 800 moradores oficiais do menor pa\u00eds do mundo.<\/p>\n<p>&nbsp;<\/p>\n<p><strong>Fonte: Terra<\/strong><\/p>\n<p>&nbsp;<\/p>\n","protected":false},"excerpt":{"rendered":"<p>O Vaticano come\u00e7ar\u00e1 sua campanha de vacina\u00e7\u00e3o anti-Covid no pr\u00f3ximo dia 4 de janeiro, informou o portal &#8220;Il Sismografo&#8221; em not\u00edcia confirmada pela ANSA nesta quarta-feira (30). Ser\u00e3o 10 mil doses do imunizante BNT 162b, desenvolvido pela farmac\u00eautica Pfizer e pelo laborat\u00f3rio BioNTech, e o objetivo ser\u00e1 imunizar funcion\u00e1rios e seus familiares, cidad\u00e3os da cidade-Estado, &hellip;<\/p>\n","protected":false},"author":1,"featured_media":11762,"comment_status":"closed","ping_status":"closed","sticky":false,"template":"","format":"standard","meta":{"_jetpack_newsletter_access":"","_jetpack_dont_email_post_to_subs":false,"_jetpack_newsletter_tier_id":0,"_jetpack_memberships_contains_paywalled_content":false,"_jetpack_memberships_contains_paid_content":false,"footnotes":""},"categories":[1],"tags":[],"class_list":["post-11761","post","type-post","status-publish","format-standard","has-post-thumbnail","hentry","category-destaque"],"jetpack_sharing_enabled":true,"jetpack_featured_media_url":"","_links":{"self":[{"href":"https:\/\/www.oparanews.com.br\/index.php\/wp-json\/wp\/v2\/posts\/11761","targetHints":{"allow":["GET"]}}],"collection":[{"href":"https:\/\/www.oparanews.com.br\/index.php\/wp-json\/wp\/v2\/posts"}],"about":[{"href":"https:\/\/www.oparanews.com.br\/index.php\/wp-json\/wp\/v2\/types\/post"}],"author":[{"embeddable":true,"href":"https:\/\/www.oparanews.com.br\/index.php\/wp-json\/wp\/v2\/users\/1"}],"replies":[{"embeddable":true,"href":"https:\/\/www.oparanews.com.br\/index.php\/wp-json\/wp\/v2\/comments?post=11761"}],"version-history":[{"count":0,"href":"https:\/\/www.oparanews.com.br\/index.php\/wp-json\/wp\/v2\/posts\/11761\/revisions"}],"wp:attachment":[{"href":"https:\/\/www.oparanews.com.br\/index.php\/wp-json\/wp\/v2\/media?parent=11761"}],"wp:term":[{"taxonomy":"category","embeddable":true,"href":"https:\/\/www.oparanews.com.br\/index.php\/wp-json\/wp\/v2\/categories?post=11761"},{"taxonomy":"post_tag","embeddable":true,"href":"https:\/\/www.oparanews.com.br\/index.php\/wp-json\/wp\/v2\/tags?post=11761"}],"curies":[{"name":"wp","href":"https:\/\/api.w.org\/{rel}","templated":true}]}}