{"id":11767,"date":"2021-01-01T20:54:30","date_gmt":"2021-01-01T20:54:30","guid":{"rendered":"https:\/\/oparanews.com.br\/?p=11767"},"modified":"2021-01-01T20:54:30","modified_gmt":"2021-01-01T20:54:30","slug":"alagoas-confirma-mais-273-casos-e-7-mortes-por-covid-19","status":"publish","type":"post","link":"https:\/\/www.oparanews.com.br\/index.php\/2021\/01\/01\/alagoas-confirma-mais-273-casos-e-7-mortes-por-covid-19\/","title":{"rendered":"Alagoas confirma mais 273 casos e 7 mortes por Covid-19"},"content":{"rendered":"<p>Alagoas confirmou 273 novos casos e mais sete mortes por Covid-19, segundo o boletim epidemiol\u00f3gico da Secretaria de Estado da Sa\u00fade (Sesau), divulgado nesta sexta-feira (01).<\/p>\n<p>Em todo estado s\u00e3o 105.091 casos confirmados e 2.496 mortes por causa da doen\u00e7a.<\/p>\n<p>H\u00e1 8.612 casos suspeitos, \u00e0 espera de resultado de exames de laborat\u00f3rio.<\/p>\n<p>Do total de casos confirmados, 100.099 pacientes j\u00e1 finalizaram o per\u00edodo de isolamento, n\u00e3o apresentam mais sintomas e, portanto, est\u00e3o recuperados da doen\u00e7a.<\/p>\n<p>Sobre a ocupa\u00e7\u00e3o dos leitos, a \u00faltima atualiza\u00e7\u00e3o foi feita na quinta-feira (30). A taxa geral de ocupa\u00e7\u00e3o de leitos de Covid-19 estava em 42%. J\u00e1 a ocupa\u00e7\u00e3o de leitos de UTI estava em 53%.<\/p>\n<p>&nbsp;<\/p>\n<p><strong>Fonte: G1\/AL<\/strong><\/p>\n<p>&nbsp;<\/p>\n","protected":false},"excerpt":{"rendered":"<p>Alagoas confirmou 273 novos casos e mais sete mortes por Covid-19, segundo o boletim epidemiol\u00f3gico da Secretaria de Estado da Sa\u00fade (Sesau), divulgado nesta sexta-feira (01). Em todo estado s\u00e3o 105.091 casos confirmados e 2.496 mortes por causa da doen\u00e7a. H\u00e1 8.612 casos suspeitos, \u00e0 espera de resultado de exames de laborat\u00f3rio. Do total de &hellip;<\/p>\n","protected":false},"author":1,"featured_media":9489,"comment_status":"closed","ping_status":"closed","sticky":false,"template":"","format":"standard","meta":{"_jetpack_newsletter_access":"","_jetpack_dont_email_post_to_subs":false,"_jetpack_newsletter_tier_id":0,"_jetpack_memberships_contains_paywalled_content":false,"_jetpack_memberships_contains_paid_content":false,"footnotes":""},"categories":[1],"tags":[],"class_list":["post-11767","post","type-post","status-publish","format-standard","has-post-thumbnail","hentry","category-destaque"],"jetpack_sharing_enabled":true,"jetpack_featured_media_url":"","_links":{"self":[{"href":"https:\/\/www.oparanews.com.br\/index.php\/wp-json\/wp\/v2\/posts\/11767","targetHints":{"allow":["GET"]}}],"collection":[{"href":"https:\/\/www.oparanews.com.br\/index.php\/wp-json\/wp\/v2\/posts"}],"about":[{"href":"https:\/\/www.oparanews.com.br\/index.php\/wp-json\/wp\/v2\/types\/post"}],"author":[{"embeddable":true,"href":"https:\/\/www.oparanews.com.br\/index.php\/wp-json\/wp\/v2\/users\/1"}],"replies":[{"embeddable":true,"href":"https:\/\/www.oparanews.com.br\/index.php\/wp-json\/wp\/v2\/comments?post=11767"}],"version-history":[{"count":0,"href":"https:\/\/www.oparanews.com.br\/index.php\/wp-json\/wp\/v2\/posts\/11767\/revisions"}],"wp:attachment":[{"href":"https:\/\/www.oparanews.com.br\/index.php\/wp-json\/wp\/v2\/media?parent=11767"}],"wp:term":[{"taxonomy":"category","embeddable":true,"href":"https:\/\/www.oparanews.com.br\/index.php\/wp-json\/wp\/v2\/categories?post=11767"},{"taxonomy":"post_tag","embeddable":true,"href":"https:\/\/www.oparanews.com.br\/index.php\/wp-json\/wp\/v2\/tags?post=11767"}],"curies":[{"name":"wp","href":"https:\/\/api.w.org\/{rel}","templated":true}]}}