{"id":11769,"date":"2021-01-01T21:03:08","date_gmt":"2021-01-01T21:03:08","guid":{"rendered":"https:\/\/oparanews.com.br\/?p=11769"},"modified":"2021-01-01T21:03:08","modified_gmt":"2021-01-01T21:03:08","slug":"cinco-reeducandos-tentam-fugir-da-casa-de-custodia-no-reveillon","status":"publish","type":"post","link":"https:\/\/www.oparanews.com.br\/index.php\/2021\/01\/01\/cinco-reeducandos-tentam-fugir-da-casa-de-custodia-no-reveillon\/","title":{"rendered":"Cinco reeducandos tentam fugir da Casa de Cust\u00f3dia no r\u00e9veillon"},"content":{"rendered":"<p>O ano de 2021 come\u00e7ou com uma tentativa de fuga de cinco detentos da Casa de Cust\u00f3dia de Macei\u00f3, localizada na Cidade Universit\u00e1ria, parte alta da capital. Os reeducandos conseguiram serrar as barras de uma das celas do complexo na madrugada desta sexta-feira (1\u00ba), mas tiveram a a\u00e7\u00e3o frustrada por policiais penais.<\/p>\n<p>Com a tentativa de fuga, que ocorreu na cela 6, m\u00f3dulo 2 da Casa de Cust\u00f3dia, a dire\u00e7\u00e3o da unidade acionou o Grupamento de Escolta e Remo\u00e7\u00e3o T\u00e1tica (Gerit) para fazer a recaptura dos detentos. Quatro foram pegos ainda nas depend\u00eancias da Casa, e um conseguiu chegar aos muros, mas teve a tentativa de fuga tamb\u00e9m impedida.<\/p>\n<p>Segundo a Secretaria de Estado de Ressocializa\u00e7\u00e3o e Inclus\u00e3o Social (Seris), uma revista foi feita em toda a unidade por uma equipe do Comando de Opera\u00e7\u00f5es Penitenci\u00e1rias (COP) para verificar a situa\u00e7\u00e3o do local, mas ainda n\u00e3o foi divulgado o resultado da varredura. Uma equipe de engenharia tamb\u00e9m foi acionada para reparar as grades.<\/p>\n<p>Os envolvidos na tentativa foram transferidos para a Penitenci\u00e1ria de Seguran\u00e7a M\u00e1xima do estado, localizada no quil\u00f4metro 1 da BR-104. Um Processo Administrativo Disciplinar (PAD) tamb\u00e9m foi aberto para apurar as circunst\u00e2ncias da ocorr\u00eancia.<\/p>\n<p>&nbsp;<\/p>\n<p><strong>Fonte: Gazetaweb<\/strong><\/p>\n<p>&nbsp;<\/p>\n","protected":false},"excerpt":{"rendered":"<p>O ano de 2021 come\u00e7ou com uma tentativa de fuga de cinco detentos da Casa de Cust\u00f3dia de Macei\u00f3, localizada na Cidade Universit\u00e1ria, parte alta da capital. Os reeducandos conseguiram serrar as barras de uma das celas do complexo na madrugada desta sexta-feira (1\u00ba), mas tiveram a a\u00e7\u00e3o frustrada por policiais penais. Com a tentativa &hellip;<\/p>\n","protected":false},"author":1,"featured_media":11770,"comment_status":"closed","ping_status":"closed","sticky":false,"template":"","format":"standard","meta":{"_jetpack_newsletter_access":"","_jetpack_dont_email_post_to_subs":false,"_jetpack_newsletter_tier_id":0,"_jetpack_memberships_contains_paywalled_content":false,"_jetpack_memberships_contains_paid_content":false,"footnotes":""},"categories":[1],"tags":[],"class_list":["post-11769","post","type-post","status-publish","format-standard","has-post-thumbnail","hentry","category-destaque"],"jetpack_sharing_enabled":true,"jetpack_featured_media_url":"","_links":{"self":[{"href":"https:\/\/www.oparanews.com.br\/index.php\/wp-json\/wp\/v2\/posts\/11769","targetHints":{"allow":["GET"]}}],"collection":[{"href":"https:\/\/www.oparanews.com.br\/index.php\/wp-json\/wp\/v2\/posts"}],"about":[{"href":"https:\/\/www.oparanews.com.br\/index.php\/wp-json\/wp\/v2\/types\/post"}],"author":[{"embeddable":true,"href":"https:\/\/www.oparanews.com.br\/index.php\/wp-json\/wp\/v2\/users\/1"}],"replies":[{"embeddable":true,"href":"https:\/\/www.oparanews.com.br\/index.php\/wp-json\/wp\/v2\/comments?post=11769"}],"version-history":[{"count":0,"href":"https:\/\/www.oparanews.com.br\/index.php\/wp-json\/wp\/v2\/posts\/11769\/revisions"}],"wp:attachment":[{"href":"https:\/\/www.oparanews.com.br\/index.php\/wp-json\/wp\/v2\/media?parent=11769"}],"wp:term":[{"taxonomy":"category","embeddable":true,"href":"https:\/\/www.oparanews.com.br\/index.php\/wp-json\/wp\/v2\/categories?post=11769"},{"taxonomy":"post_tag","embeddable":true,"href":"https:\/\/www.oparanews.com.br\/index.php\/wp-json\/wp\/v2\/tags?post=11769"}],"curies":[{"name":"wp","href":"https:\/\/api.w.org\/{rel}","templated":true}]}}